{"id":1366,"date":"2024-05-21T21:40:20","date_gmt":"2024-05-21T21:40:20","guid":{"rendered":"https:\/\/canacoservyturpiedrasnegras.com\/?p=1366"},"modified":"2024-06-22T17:44:40","modified_gmt":"2024-06-22T17:44:40","slug":"entrega-de-reconocimientos-de-empresas-de-diez-plus-infonavit","status":"publish","type":"post","link":"http:\/\/canacoservyturpiedrasnegras.com\/?p=1366","title":{"rendered":"Entrega de reconocimientos de \u00abEmpresas de Diez Plus Infonavit\u00bb"},"content":{"rendered":"\n<p>En representaci\u00f3n de la Canaco Servytur Piedras Negras la Consejera y Representante de Bienes Ra\u00edces Lic. Rosa Mar\u00eda Alvarado P\u00e9rez y la Gerente Ing. Korayma Garc\u00eda Gonz\u00e1lez asistieron al evento de entrega de reconocimientos de \u00abEmpresas de Diez Plus Infonavit\u00bb la cual fue presidida por el Delegado Estatal de Infonavit Lic. Gustavo Ernesto Diaz G\u00f3mez y la Lic. Roc\u00edo Campos Baeza Gerente del CESI Piedras Negras en compa\u00f1\u00eda de representantes de las c\u00e1maras empresariales de la <a><\/a>ciudad.<\/p>\n\n\n\n<p>En la ceremonia se entregaron reconocimientos a empresas relevantes en distintos ramos y que cumplen con sus obligaciones patronales durante al menos los \u00faltimos 10 bimestres y muestran un excelente comportamiento fiscal y jur\u00eddico ante el Instituto y sus trabajadores, destacando que parte de esas empresas son socios de la Canaco Servytur Piedras Negras.<\/p>\n\n\n\n<figure class=\"wp-block-gallery has-nested-images columns-default is-cropped wp-block-gallery-1 is-layout-flex wp-block-gallery-is-layout-flex\">\n<figure class=\"wp-block-image size-large\"><img loading=\"lazy\" decoding=\"async\" width=\"1024\" height=\"768\" data-id=\"1374\" src=\"https:\/\/canacoservyturpiedrasnegras.com\/wp-content\/uploads\/2024\/05\/422554609_959818906147103_5374360880840490265_n-1024x768.jpg\" alt=\"\" class=\"wp-image-1374\" srcset=\"http:\/\/canacoservyturpiedrasnegras.com\/wp-content\/uploads\/2024\/05\/422554609_959818906147103_5374360880840490265_n-1024x768.jpg 1024w, http:\/\/canacoservyturpiedrasnegras.com\/wp-content\/uploads\/2024\/05\/422554609_959818906147103_5374360880840490265_n-300x225.jpg 300w, http:\/\/canacoservyturpiedrasnegras.com\/wp-content\/uploads\/2024\/05\/422554609_959818906147103_5374360880840490265_n-768x576.jpg 768w, http:\/\/canacoservyturpiedrasnegras.com\/wp-content\/uploads\/2024\/05\/422554609_959818906147103_5374360880840490265_n.jpg 1280w\" sizes=\"auto, (max-width: 1024px) 100vw, 1024px\" \/><\/figure>\n\n\n\n<figure class=\"wp-block-image size-large\"><img loading=\"lazy\" decoding=\"async\" width=\"960\" height=\"960\" data-id=\"1375\" src=\"https:\/\/canacoservyturpiedrasnegras.com\/wp-content\/uploads\/2024\/05\/441866961_959818849480442_4948997517133565018_n.jpg\" alt=\"\" class=\"wp-image-1375\" srcset=\"http:\/\/canacoservyturpiedrasnegras.com\/wp-content\/uploads\/2024\/05\/441866961_959818849480442_4948997517133565018_n.jpg 960w, http:\/\/canacoservyturpiedrasnegras.com\/wp-content\/uploads\/2024\/05\/441866961_959818849480442_4948997517133565018_n-300x300.jpg 300w, http:\/\/canacoservyturpiedrasnegras.com\/wp-content\/uploads\/2024\/05\/441866961_959818849480442_4948997517133565018_n-150x150.jpg 150w, http:\/\/canacoservyturpiedrasnegras.com\/wp-content\/uploads\/2024\/05\/441866961_959818849480442_4948997517133565018_n-768x768.jpg 768w\" sizes=\"auto, (max-width: 960px) 100vw, 960px\" \/><\/figure>\n\n\n\n<figure class=\"wp-block-image size-large\"><img loading=\"lazy\" decoding=\"async\" width=\"861\" height=\"861\" data-id=\"1376\" src=\"https:\/\/canacoservyturpiedrasnegras.com\/wp-content\/uploads\/2024\/05\/443697251_959818812813779_2410793486216789796_n-1.jpg\" alt=\"\" class=\"wp-image-1376\" srcset=\"http:\/\/canacoservyturpiedrasnegras.com\/wp-content\/uploads\/2024\/05\/443697251_959818812813779_2410793486216789796_n-1.jpg 861w, http:\/\/canacoservyturpiedrasnegras.com\/wp-content\/uploads\/2024\/05\/443697251_959818812813779_2410793486216789796_n-1-300x300.jpg 300w, http:\/\/canacoservyturpiedrasnegras.com\/wp-content\/uploads\/2024\/05\/443697251_959818812813779_2410793486216789796_n-1-150x150.jpg 150w, http:\/\/canacoservyturpiedrasnegras.com\/wp-content\/uploads\/2024\/05\/443697251_959818812813779_2410793486216789796_n-1-768x768.jpg 768w\" sizes=\"auto, (max-width: 861px) 100vw, 861px\" \/><\/figure>\n<\/figure>\n","protected":false},"excerpt":{"rendered":"<p>En representaci\u00f3n de la Canaco Servytur Piedras Negras la Consejera y Representante de Bienes Ra\u00edces Lic. Rosa Mar\u00eda Alvarado P\u00e9rez y la Gerente Ing. Korayma Garc\u00eda Gonz\u00e1lez asistieron al evento de entrega de reconocimientos de \u00abEmpresas de Diez Plus Infonavit\u00bb la cual fue presidida por el Delegado Estatal de Infonavit Lic. Gustavo Ernesto Diaz G\u00f3mez&#8230;<\/p>\n","protected":false},"author":1,"featured_media":1376,"comment_status":"open","ping_status":"open","sticky":false,"template":"","format":"standard","meta":{"_EventAllDay":false,"_EventTimezone":"","_EventStartDate":"","_EventEndDate":"","_EventStartDateUTC":"","_EventEndDateUTC":"","_EventShowMap":false,"_EventShowMapLink":false,"_EventURL":"","_EventCost":"","_EventCostDescription":"","_EventCurrencySymbol":"","_EventCurrencyCode":"","_EventCurrencyPosition":"","_EventDateTimeSeparator":"","_EventTimeRangeSeparator":"","_EventOrganizerID":[],"_EventVenueID":[],"_OrganizerEmail":"","_OrganizerPhone":"","_OrganizerWebsite":"","_VenueAddress":"","_VenueCity":"","_VenueCountry":"","_VenueProvince":"","_VenueState":"","_VenueZip":"","_VenuePhone":"","_VenueURL":"","_VenueStateProvince":"","_VenueLat":"","_VenueLng":"","_VenueShowMap":false,"_VenueShowMapLink":false,"_kadence_starter_templates_imported_post":false,"_kad_post_transparent":"","_kad_post_title":"","_kad_post_layout":"","_kad_post_sidebar_id":"","_kad_post_content_style":"","_kad_post_vertical_padding":"","_kad_post_feature":"","_kad_post_feature_position":"","_kad_post_header":false,"_kad_post_footer":false,"footnotes":""},"categories":[2],"tags":[],"class_list":["post-1366","post","type-post","status-publish","format-standard","has-post-thumbnail","hentry","category-eventos"],"_links":{"self":[{"href":"http:\/\/canacoservyturpiedrasnegras.com\/index.php?rest_route=\/wp\/v2\/posts\/1366","targetHints":{"allow":["GET"]}}],"collection":[{"href":"http:\/\/canacoservyturpiedrasnegras.com\/index.php?rest_route=\/wp\/v2\/posts"}],"about":[{"href":"http:\/\/canacoservyturpiedrasnegras.com\/index.php?rest_route=\/wp\/v2\/types\/post"}],"author":[{"embeddable":true,"href":"http:\/\/canacoservyturpiedrasnegras.com\/index.php?rest_route=\/wp\/v2\/users\/1"}],"replies":[{"embeddable":true,"href":"http:\/\/canacoservyturpiedrasnegras.com\/index.php?rest_route=%2Fwp%2Fv2%2Fcomments&post=1366"}],"version-history":[{"count":2,"href":"http:\/\/canacoservyturpiedrasnegras.com\/index.php?rest_route=\/wp\/v2\/posts\/1366\/revisions"}],"predecessor-version":[{"id":1379,"href":"http:\/\/canacoservyturpiedrasnegras.com\/index.php?rest_route=\/wp\/v2\/posts\/1366\/revisions\/1379"}],"wp:featuredmedia":[{"embeddable":true,"href":"http:\/\/canacoservyturpiedrasnegras.com\/index.php?rest_route=\/wp\/v2\/media\/1376"}],"wp:attachment":[{"href":"http:\/\/canacoservyturpiedrasnegras.com\/index.php?rest_route=%2Fwp%2Fv2%2Fmedia&parent=1366"}],"wp:term":[{"taxonomy":"category","embeddable":true,"href":"http:\/\/canacoservyturpiedrasnegras.com\/index.php?rest_route=%2Fwp%2Fv2%2Fcategories&post=1366"},{"taxonomy":"post_tag","embeddable":true,"href":"http:\/\/canacoservyturpiedrasnegras.com\/index.php?rest_route=%2Fwp%2Fv2%2Ftags&post=1366"}],"curies":[{"name":"wp","href":"https:\/\/api.w.org\/{rel}","templated":true}]}}