{"id":1406,"date":"2024-05-22T19:14:54","date_gmt":"2024-05-22T19:14:54","guid":{"rendered":"https:\/\/canacoservyturpiedrasnegras.com\/?p=1406"},"modified":"2024-06-22T17:44:20","modified_gmt":"2024-06-22T17:44:20","slug":"firma-del-convenio-de-colaboracion-con-hotel-city-express","status":"publish","type":"post","link":"http:\/\/canacoservyturpiedrasnegras.com\/?p=1406","title":{"rendered":"Firma del convenio de colaboraci\u00f3n con Hotel City Express"},"content":{"rendered":"\n<p>El Presidente Lic. H\u00e9ctor Javier Rodr\u00edguez L\u00f3pez y la Gerente Ing. Korayma Garc\u00eda Gonz\u00e1lez sostuvieron una reuni\u00f3n con la Lic. Estrella Lozano Garc\u00eda Ejecutiva de Ventas de Hotel City Express socios de esta C\u00e1mara, para realizar la firma del convenio de colaboraci\u00f3n en el cual estar\u00e1n brindando tarifas preferenciales en los diferentes hoteles de nuestro pa\u00eds, as\u00ed como de los pa\u00edses Chile, Colombia y Costa Rica, reafirmando nuestro compromiso de seguir ofreciendo mejores servicios y beneficios para nuestros agremiados.<\/p>\n\n\n\n<figure class=\"wp-block-gallery has-nested-images columns-default is-cropped wp-block-gallery-1 is-layout-flex wp-block-gallery-is-layout-flex\">\n<figure class=\"wp-block-image size-large\"><img loading=\"lazy\" decoding=\"async\" width=\"791\" height=\"593\" data-id=\"1408\" src=\"https:\/\/canacoservyturpiedrasnegras.com\/wp-content\/uploads\/2024\/05\/CONVENIO-CITY-EXPRESS.jpg\" alt=\"\" class=\"wp-image-1408\" srcset=\"http:\/\/canacoservyturpiedrasnegras.com\/wp-content\/uploads\/2024\/05\/CONVENIO-CITY-EXPRESS.jpg 791w, http:\/\/canacoservyturpiedrasnegras.com\/wp-content\/uploads\/2024\/05\/CONVENIO-CITY-EXPRESS-300x225.jpg 300w, http:\/\/canacoservyturpiedrasnegras.com\/wp-content\/uploads\/2024\/05\/CONVENIO-CITY-EXPRESS-768x576.jpg 768w\" sizes=\"auto, (max-width: 791px) 100vw, 791px\" \/><\/figure>\n\n\n\n<figure class=\"wp-block-image size-large\"><img loading=\"lazy\" decoding=\"async\" width=\"791\" height=\"593\" data-id=\"1409\" src=\"https:\/\/canacoservyturpiedrasnegras.com\/wp-content\/uploads\/2024\/05\/CONVENIO-CITY-EXPRESS1.jpg\" alt=\"\" class=\"wp-image-1409\" srcset=\"http:\/\/canacoservyturpiedrasnegras.com\/wp-content\/uploads\/2024\/05\/CONVENIO-CITY-EXPRESS1.jpg 791w, http:\/\/canacoservyturpiedrasnegras.com\/wp-content\/uploads\/2024\/05\/CONVENIO-CITY-EXPRESS1-300x225.jpg 300w, http:\/\/canacoservyturpiedrasnegras.com\/wp-content\/uploads\/2024\/05\/CONVENIO-CITY-EXPRESS1-768x576.jpg 768w\" sizes=\"auto, (max-width: 791px) 100vw, 791px\" \/><\/figure>\n\n\n\n<figure class=\"wp-block-image size-large\"><img loading=\"lazy\" decoding=\"async\" width=\"791\" height=\"593\" data-id=\"1407\" src=\"https:\/\/canacoservyturpiedrasnegras.com\/wp-content\/uploads\/2024\/05\/CONVENIO-CITY-EXPRESS2.jpg\" alt=\"\" class=\"wp-image-1407\" srcset=\"http:\/\/canacoservyturpiedrasnegras.com\/wp-content\/uploads\/2024\/05\/CONVENIO-CITY-EXPRESS2.jpg 791w, http:\/\/canacoservyturpiedrasnegras.com\/wp-content\/uploads\/2024\/05\/CONVENIO-CITY-EXPRESS2-300x225.jpg 300w, http:\/\/canacoservyturpiedrasnegras.com\/wp-content\/uploads\/2024\/05\/CONVENIO-CITY-EXPRESS2-768x576.jpg 768w\" sizes=\"auto, (max-width: 791px) 100vw, 791px\" \/><\/figure>\n<\/figure>\n","protected":false},"excerpt":{"rendered":"<p>El Presidente Lic. H\u00e9ctor Javier Rodr\u00edguez L\u00f3pez y la Gerente Ing. Korayma Garc\u00eda Gonz\u00e1lez sostuvieron una reuni\u00f3n con la Lic. Estrella Lozano Garc\u00eda Ejecutiva de Ventas de Hotel City Express socios de esta C\u00e1mara, para realizar la firma del convenio de colaboraci\u00f3n en el cual estar\u00e1n brindando tarifas preferenciales en los diferentes hoteles de nuestro&#8230;<\/p>\n","protected":false},"author":1,"featured_media":1408,"comment_status":"open","ping_status":"open","sticky":false,"template":"","format":"standard","meta":{"_EventAllDay":false,"_EventTimezone":"","_EventStartDate":"","_EventEndDate":"","_EventStartDateUTC":"","_EventEndDateUTC":"","_EventShowMap":false,"_EventShowMapLink":false,"_EventURL":"","_EventCost":"","_EventCostDescription":"","_EventCurrencySymbol":"","_EventCurrencyCode":"","_EventCurrencyPosition":"","_EventDateTimeSeparator":"","_EventTimeRangeSeparator":"","_EventOrganizerID":[],"_EventVenueID":[],"_OrganizerEmail":"","_OrganizerPhone":"","_OrganizerWebsite":"","_VenueAddress":"","_VenueCity":"","_VenueCountry":"","_VenueProvince":"","_VenueState":"","_VenueZip":"","_VenuePhone":"","_VenueURL":"","_VenueStateProvince":"","_VenueLat":"","_VenueLng":"","_VenueShowMap":false,"_VenueShowMapLink":false,"_kadence_starter_templates_imported_post":false,"_kad_post_transparent":"","_kad_post_title":"","_kad_post_layout":"","_kad_post_sidebar_id":"","_kad_post_content_style":"","_kad_post_vertical_padding":"","_kad_post_feature":"","_kad_post_feature_position":"","_kad_post_header":false,"_kad_post_footer":false,"footnotes":""},"categories":[6],"tags":[],"class_list":["post-1406","post","type-post","status-publish","format-standard","has-post-thumbnail","hentry","category-convenios"],"_links":{"self":[{"href":"http:\/\/canacoservyturpiedrasnegras.com\/index.php?rest_route=\/wp\/v2\/posts\/1406","targetHints":{"allow":["GET"]}}],"collection":[{"href":"http:\/\/canacoservyturpiedrasnegras.com\/index.php?rest_route=\/wp\/v2\/posts"}],"about":[{"href":"http:\/\/canacoservyturpiedrasnegras.com\/index.php?rest_route=\/wp\/v2\/types\/post"}],"author":[{"embeddable":true,"href":"http:\/\/canacoservyturpiedrasnegras.com\/index.php?rest_route=\/wp\/v2\/users\/1"}],"replies":[{"embeddable":true,"href":"http:\/\/canacoservyturpiedrasnegras.com\/index.php?rest_route=%2Fwp%2Fv2%2Fcomments&post=1406"}],"version-history":[{"count":1,"href":"http:\/\/canacoservyturpiedrasnegras.com\/index.php?rest_route=\/wp\/v2\/posts\/1406\/revisions"}],"predecessor-version":[{"id":1410,"href":"http:\/\/canacoservyturpiedrasnegras.com\/index.php?rest_route=\/wp\/v2\/posts\/1406\/revisions\/1410"}],"wp:featuredmedia":[{"embeddable":true,"href":"http:\/\/canacoservyturpiedrasnegras.com\/index.php?rest_route=\/wp\/v2\/media\/1408"}],"wp:attachment":[{"href":"http:\/\/canacoservyturpiedrasnegras.com\/index.php?rest_route=%2Fwp%2Fv2%2Fmedia&parent=1406"}],"wp:term":[{"taxonomy":"category","embeddable":true,"href":"http:\/\/canacoservyturpiedrasnegras.com\/index.php?rest_route=%2Fwp%2Fv2%2Fcategories&post=1406"},{"taxonomy":"post_tag","embeddable":true,"href":"http:\/\/canacoservyturpiedrasnegras.com\/index.php?rest_route=%2Fwp%2Fv2%2Ftags&post=1406"}],"curies":[{"name":"wp","href":"https:\/\/api.w.org\/{rel}","templated":true}]}}