{"id":1412,"date":"2024-05-22T19:21:10","date_gmt":"2024-05-22T19:21:10","guid":{"rendered":"https:\/\/canacoservyturpiedrasnegras.com\/?p=1412"},"modified":"2024-06-22T17:44:01","modified_gmt":"2024-06-22T17:44:01","slug":"renovacion-del-convenio-de-colaboracion-con-la-universidad-tecnologica-del-norte-de-coahuila","status":"publish","type":"post","link":"http:\/\/canacoservyturpiedrasnegras.com\/?p=1412","title":{"rendered":"Renovaci\u00f3n del convenio de colaboraci\u00f3n con la Universidad Tecnol\u00f3gica del Norte de Coahuila"},"content":{"rendered":"\n<p>El Presidente Lic. H\u00e9ctor Javier Rodr\u00edguez L\u00f3pez en conjunto con la Vicepresidenta de Vinculaci\u00f3n Educativa, Lic. Norma Ver\u00f3nica Alvarado Mart\u00ednez y la Gerente Ing. Korayma Garc\u00eda Gonz\u00e1lez se reunieron con la Rectora de la <a href=\"https:\/\/www.facebook.com\/Utnortecoahuila?__cft__[0]=AZXxGmGdi39qBru7GSRlLxF-7Vu-xnLZhn5yzSmoh4-wliqiRhpWp-ZlieSc9dc8wGSl8K25iJHCiEU6WDtS0kPxFXfSPUY0VTn3iwps7HnrLhcPsqO33Pdk9kxeR_9UEhewTt_ZJTP3tYQ-qEL-hlIQIA_Avx-5NEAqcDmDjvaEqTL52u8o4VYuwOwBhSYvSq78_O3h6v87f_EUjF161SI3&amp;__tn__=-]K-R\">Universidad Tecnol\u00f3gica del Norte de Coahuila<\/a> la Mtra. Esperanza Chapa Garc\u00eda y el Director de Vinculaci\u00f3n C.P. Jos\u00e9 Bernardo Pur\u00f3n Cadena, para renovar el convenio de colaboraci\u00f3n con el fin de buscar beneficios educativos y de capacitaci\u00f3n para los agremiados en conjunto con sus trabajadores, fortaleciendo la colaboraci\u00f3n entre los sectores empresarial y educativo.<\/p>\n\n\n\n<figure class=\"wp-block-gallery has-nested-images columns-default is-cropped wp-block-gallery-1 is-layout-flex wp-block-gallery-is-layout-flex\">\n<figure class=\"wp-block-image size-large\"><img loading=\"lazy\" decoding=\"async\" width=\"791\" height=\"593\" data-id=\"1414\" src=\"https:\/\/canacoservyturpiedrasnegras.com\/wp-content\/uploads\/2024\/05\/CONVENIO-UTNC.jpg\" alt=\"\" class=\"wp-image-1414\" srcset=\"http:\/\/canacoservyturpiedrasnegras.com\/wp-content\/uploads\/2024\/05\/CONVENIO-UTNC.jpg 791w, http:\/\/canacoservyturpiedrasnegras.com\/wp-content\/uploads\/2024\/05\/CONVENIO-UTNC-300x225.jpg 300w, http:\/\/canacoservyturpiedrasnegras.com\/wp-content\/uploads\/2024\/05\/CONVENIO-UTNC-768x576.jpg 768w\" sizes=\"auto, (max-width: 791px) 100vw, 791px\" \/><\/figure>\n\n\n\n<figure class=\"wp-block-image size-large\"><img loading=\"lazy\" decoding=\"async\" width=\"791\" height=\"593\" data-id=\"1418\" src=\"https:\/\/canacoservyturpiedrasnegras.com\/wp-content\/uploads\/2024\/05\/CONVENIO-UTNC1.jpg\" alt=\"\" class=\"wp-image-1418\" srcset=\"http:\/\/canacoservyturpiedrasnegras.com\/wp-content\/uploads\/2024\/05\/CONVENIO-UTNC1.jpg 791w, http:\/\/canacoservyturpiedrasnegras.com\/wp-content\/uploads\/2024\/05\/CONVENIO-UTNC1-300x225.jpg 300w, http:\/\/canacoservyturpiedrasnegras.com\/wp-content\/uploads\/2024\/05\/CONVENIO-UTNC1-768x576.jpg 768w\" sizes=\"auto, (max-width: 791px) 100vw, 791px\" \/><\/figure>\n\n\n\n<figure class=\"wp-block-image size-large\"><img loading=\"lazy\" decoding=\"async\" width=\"791\" height=\"593\" data-id=\"1416\" src=\"https:\/\/canacoservyturpiedrasnegras.com\/wp-content\/uploads\/2024\/05\/CONVENIO-UTNC2.jpg\" alt=\"\" class=\"wp-image-1416\" srcset=\"http:\/\/canacoservyturpiedrasnegras.com\/wp-content\/uploads\/2024\/05\/CONVENIO-UTNC2.jpg 791w, http:\/\/canacoservyturpiedrasnegras.com\/wp-content\/uploads\/2024\/05\/CONVENIO-UTNC2-300x225.jpg 300w, http:\/\/canacoservyturpiedrasnegras.com\/wp-content\/uploads\/2024\/05\/CONVENIO-UTNC2-768x576.jpg 768w\" sizes=\"auto, (max-width: 791px) 100vw, 791px\" \/><\/figure>\n\n\n\n<figure class=\"wp-block-image size-large\"><img loading=\"lazy\" decoding=\"async\" width=\"791\" height=\"593\" data-id=\"1417\" src=\"https:\/\/canacoservyturpiedrasnegras.com\/wp-content\/uploads\/2024\/05\/CONVENIO-UTNC3.jpg\" alt=\"\" class=\"wp-image-1417\" srcset=\"http:\/\/canacoservyturpiedrasnegras.com\/wp-content\/uploads\/2024\/05\/CONVENIO-UTNC3.jpg 791w, http:\/\/canacoservyturpiedrasnegras.com\/wp-content\/uploads\/2024\/05\/CONVENIO-UTNC3-300x225.jpg 300w, http:\/\/canacoservyturpiedrasnegras.com\/wp-content\/uploads\/2024\/05\/CONVENIO-UTNC3-768x576.jpg 768w\" sizes=\"auto, (max-width: 791px) 100vw, 791px\" \/><\/figure>\n\n\n\n<figure class=\"wp-block-image size-large\"><img loading=\"lazy\" decoding=\"async\" width=\"791\" height=\"593\" data-id=\"1413\" src=\"https:\/\/canacoservyturpiedrasnegras.com\/wp-content\/uploads\/2024\/05\/CONVENIO-UTNC4.jpg\" alt=\"\" class=\"wp-image-1413\" srcset=\"http:\/\/canacoservyturpiedrasnegras.com\/wp-content\/uploads\/2024\/05\/CONVENIO-UTNC4.jpg 791w, http:\/\/canacoservyturpiedrasnegras.com\/wp-content\/uploads\/2024\/05\/CONVENIO-UTNC4-300x225.jpg 300w, http:\/\/canacoservyturpiedrasnegras.com\/wp-content\/uploads\/2024\/05\/CONVENIO-UTNC4-768x576.jpg 768w\" sizes=\"auto, (max-width: 791px) 100vw, 791px\" \/><\/figure>\n\n\n\n<figure class=\"wp-block-image size-large\"><img loading=\"lazy\" decoding=\"async\" width=\"791\" height=\"593\" data-id=\"1415\" src=\"https:\/\/canacoservyturpiedrasnegras.com\/wp-content\/uploads\/2024\/05\/CONVENIO-UTNC5.jpg\" alt=\"\" class=\"wp-image-1415\" srcset=\"http:\/\/canacoservyturpiedrasnegras.com\/wp-content\/uploads\/2024\/05\/CONVENIO-UTNC5.jpg 791w, http:\/\/canacoservyturpiedrasnegras.com\/wp-content\/uploads\/2024\/05\/CONVENIO-UTNC5-300x225.jpg 300w, http:\/\/canacoservyturpiedrasnegras.com\/wp-content\/uploads\/2024\/05\/CONVENIO-UTNC5-768x576.jpg 768w\" sizes=\"auto, (max-width: 791px) 100vw, 791px\" \/><\/figure>\n<\/figure>\n","protected":false},"excerpt":{"rendered":"<p>El Presidente Lic. H\u00e9ctor Javier Rodr\u00edguez L\u00f3pez en conjunto con la Vicepresidenta de Vinculaci\u00f3n Educativa, Lic. Norma Ver\u00f3nica Alvarado Mart\u00ednez y la Gerente Ing. Korayma Garc\u00eda Gonz\u00e1lez se reunieron con la Rectora de la Universidad Tecnol\u00f3gica del Norte de Coahuila la Mtra. Esperanza Chapa Garc\u00eda y el Director de Vinculaci\u00f3n C.P. Jos\u00e9 Bernardo Pur\u00f3n Cadena,&#8230;<\/p>\n","protected":false},"author":1,"featured_media":1413,"comment_status":"open","ping_status":"open","sticky":false,"template":"","format":"standard","meta":{"_EventAllDay":false,"_EventTimezone":"","_EventStartDate":"","_EventEndDate":"","_EventStartDateUTC":"","_EventEndDateUTC":"","_EventShowMap":false,"_EventShowMapLink":false,"_EventURL":"","_EventCost":"","_EventCostDescription":"","_EventCurrencySymbol":"","_EventCurrencyCode":"","_EventCurrencyPosition":"","_EventDateTimeSeparator":"","_EventTimeRangeSeparator":"","_EventOrganizerID":[],"_EventVenueID":[],"_OrganizerEmail":"","_OrganizerPhone":"","_OrganizerWebsite":"","_VenueAddress":"","_VenueCity":"","_VenueCountry":"","_VenueProvince":"","_VenueState":"","_VenueZip":"","_VenuePhone":"","_VenueURL":"","_VenueStateProvince":"","_VenueLat":"","_VenueLng":"","_VenueShowMap":false,"_VenueShowMapLink":false,"_kadence_starter_templates_imported_post":false,"_kad_post_transparent":"","_kad_post_title":"","_kad_post_layout":"","_kad_post_sidebar_id":"","_kad_post_content_style":"","_kad_post_vertical_padding":"","_kad_post_feature":"","_kad_post_feature_position":"","_kad_post_header":false,"_kad_post_footer":false,"footnotes":""},"categories":[6],"tags":[],"class_list":["post-1412","post","type-post","status-publish","format-standard","has-post-thumbnail","hentry","category-convenios"],"_links":{"self":[{"href":"http:\/\/canacoservyturpiedrasnegras.com\/index.php?rest_route=\/wp\/v2\/posts\/1412","targetHints":{"allow":["GET"]}}],"collection":[{"href":"http:\/\/canacoservyturpiedrasnegras.com\/index.php?rest_route=\/wp\/v2\/posts"}],"about":[{"href":"http:\/\/canacoservyturpiedrasnegras.com\/index.php?rest_route=\/wp\/v2\/types\/post"}],"author":[{"embeddable":true,"href":"http:\/\/canacoservyturpiedrasnegras.com\/index.php?rest_route=\/wp\/v2\/users\/1"}],"replies":[{"embeddable":true,"href":"http:\/\/canacoservyturpiedrasnegras.com\/index.php?rest_route=%2Fwp%2Fv2%2Fcomments&post=1412"}],"version-history":[{"count":1,"href":"http:\/\/canacoservyturpiedrasnegras.com\/index.php?rest_route=\/wp\/v2\/posts\/1412\/revisions"}],"predecessor-version":[{"id":1419,"href":"http:\/\/canacoservyturpiedrasnegras.com\/index.php?rest_route=\/wp\/v2\/posts\/1412\/revisions\/1419"}],"wp:featuredmedia":[{"embeddable":true,"href":"http:\/\/canacoservyturpiedrasnegras.com\/index.php?rest_route=\/wp\/v2\/media\/1413"}],"wp:attachment":[{"href":"http:\/\/canacoservyturpiedrasnegras.com\/index.php?rest_route=%2Fwp%2Fv2%2Fmedia&parent=1412"}],"wp:term":[{"taxonomy":"category","embeddable":true,"href":"http:\/\/canacoservyturpiedrasnegras.com\/index.php?rest_route=%2Fwp%2Fv2%2Fcategories&post=1412"},{"taxonomy":"post_tag","embeddable":true,"href":"http:\/\/canacoservyturpiedrasnegras.com\/index.php?rest_route=%2Fwp%2Fv2%2Ftags&post=1412"}],"curies":[{"name":"wp","href":"https:\/\/api.w.org\/{rel}","templated":true}]}}