{"id":1420,"date":"2024-05-22T19:27:01","date_gmt":"2024-05-22T19:27:01","guid":{"rendered":"https:\/\/canacoservyturpiedrasnegras.com\/?p=1420"},"modified":"2024-06-22T17:43:50","modified_gmt":"2024-06-22T17:43:50","slug":"firma-de-convenio-de-colaboracion-con-el-instituto-electoral-de-coahuila","status":"publish","type":"post","link":"http:\/\/canacoservyturpiedrasnegras.com\/?p=1420","title":{"rendered":"Firma de convenio de colaboraci\u00f3n con el Instituto Electoral de Coahuila"},"content":{"rendered":"\n<p>El presidente Lic. H\u00e9ctor Javier Rodr\u00edguez L\u00f3pez en representaci\u00f3n de la Canaco Servytur Piedras Negras particip\u00f3 en conjunto con diferentes C\u00e1maras de Comercio del Estado en la firma de convenio de colaboraci\u00f3n con el Instituto Electoral de Coahuila, con la finalidad de promover el voto y la participaci\u00f3n ciudadana en el marco del proceso electoral 2024, donde nos comprometemos a realizar diferentes actividades entre ellas promocionar la participaci\u00f3n del comercio en general para la participaci\u00f3n ciudadana mediante el voto este 2 de junio.<\/p>\n\n\n\n<figure class=\"wp-block-gallery has-nested-images columns-default is-cropped wp-block-gallery-1 is-layout-flex wp-block-gallery-is-layout-flex\">\n<figure class=\"wp-block-image size-large\"><img loading=\"lazy\" decoding=\"async\" width=\"791\" height=\"593\" data-id=\"1424\" src=\"https:\/\/canacoservyturpiedrasnegras.com\/wp-content\/uploads\/2024\/05\/CONNEVIO-IEC.jpg\" alt=\"\" class=\"wp-image-1424\" srcset=\"http:\/\/canacoservyturpiedrasnegras.com\/wp-content\/uploads\/2024\/05\/CONNEVIO-IEC.jpg 791w, http:\/\/canacoservyturpiedrasnegras.com\/wp-content\/uploads\/2024\/05\/CONNEVIO-IEC-300x225.jpg 300w, http:\/\/canacoservyturpiedrasnegras.com\/wp-content\/uploads\/2024\/05\/CONNEVIO-IEC-768x576.jpg 768w\" sizes=\"auto, (max-width: 791px) 100vw, 791px\" \/><\/figure>\n\n\n\n<figure class=\"wp-block-image size-large\"><img loading=\"lazy\" decoding=\"async\" width=\"791\" height=\"593\" data-id=\"1422\" src=\"https:\/\/canacoservyturpiedrasnegras.com\/wp-content\/uploads\/2024\/05\/CONNEVIO-IEC1.jpg\" alt=\"\" class=\"wp-image-1422\" srcset=\"http:\/\/canacoservyturpiedrasnegras.com\/wp-content\/uploads\/2024\/05\/CONNEVIO-IEC1.jpg 791w, http:\/\/canacoservyturpiedrasnegras.com\/wp-content\/uploads\/2024\/05\/CONNEVIO-IEC1-300x225.jpg 300w, http:\/\/canacoservyturpiedrasnegras.com\/wp-content\/uploads\/2024\/05\/CONNEVIO-IEC1-768x576.jpg 768w\" sizes=\"auto, (max-width: 791px) 100vw, 791px\" \/><\/figure>\n\n\n\n<figure class=\"wp-block-image size-large\"><img loading=\"lazy\" decoding=\"async\" width=\"791\" height=\"593\" data-id=\"1421\" src=\"https:\/\/canacoservyturpiedrasnegras.com\/wp-content\/uploads\/2024\/05\/CONNEVIO-IEC2.jpg\" alt=\"\" class=\"wp-image-1421\" srcset=\"http:\/\/canacoservyturpiedrasnegras.com\/wp-content\/uploads\/2024\/05\/CONNEVIO-IEC2.jpg 791w, http:\/\/canacoservyturpiedrasnegras.com\/wp-content\/uploads\/2024\/05\/CONNEVIO-IEC2-300x225.jpg 300w, http:\/\/canacoservyturpiedrasnegras.com\/wp-content\/uploads\/2024\/05\/CONNEVIO-IEC2-768x576.jpg 768w\" sizes=\"auto, (max-width: 791px) 100vw, 791px\" \/><\/figure>\n\n\n\n<figure class=\"wp-block-image size-large\"><img loading=\"lazy\" decoding=\"async\" width=\"791\" height=\"593\" data-id=\"1423\" src=\"https:\/\/canacoservyturpiedrasnegras.com\/wp-content\/uploads\/2024\/05\/CONNEVIO-IEC3.jpg\" alt=\"\" class=\"wp-image-1423\" srcset=\"http:\/\/canacoservyturpiedrasnegras.com\/wp-content\/uploads\/2024\/05\/CONNEVIO-IEC3.jpg 791w, http:\/\/canacoservyturpiedrasnegras.com\/wp-content\/uploads\/2024\/05\/CONNEVIO-IEC3-300x225.jpg 300w, http:\/\/canacoservyturpiedrasnegras.com\/wp-content\/uploads\/2024\/05\/CONNEVIO-IEC3-768x576.jpg 768w\" sizes=\"auto, (max-width: 791px) 100vw, 791px\" \/><\/figure>\n<\/figure>\n","protected":false},"excerpt":{"rendered":"<p>El presidente Lic. H\u00e9ctor Javier Rodr\u00edguez L\u00f3pez en representaci\u00f3n de la Canaco Servytur Piedras Negras particip\u00f3 en conjunto con diferentes C\u00e1maras de Comercio del Estado en la firma de convenio de colaboraci\u00f3n con el Instituto Electoral de Coahuila, con la finalidad de promover el voto y la participaci\u00f3n ciudadana en el marco del proceso electoral&#8230;<\/p>\n","protected":false},"author":1,"featured_media":1424,"comment_status":"open","ping_status":"open","sticky":false,"template":"","format":"standard","meta":{"_EventAllDay":false,"_EventTimezone":"","_EventStartDate":"","_EventEndDate":"","_EventStartDateUTC":"","_EventEndDateUTC":"","_EventShowMap":false,"_EventShowMapLink":false,"_EventURL":"","_EventCost":"","_EventCostDescription":"","_EventCurrencySymbol":"","_EventCurrencyCode":"","_EventCurrencyPosition":"","_EventDateTimeSeparator":"","_EventTimeRangeSeparator":"","_EventOrganizerID":[],"_EventVenueID":[],"_OrganizerEmail":"","_OrganizerPhone":"","_OrganizerWebsite":"","_VenueAddress":"","_VenueCity":"","_VenueCountry":"","_VenueProvince":"","_VenueState":"","_VenueZip":"","_VenuePhone":"","_VenueURL":"","_VenueStateProvince":"","_VenueLat":"","_VenueLng":"","_VenueShowMap":false,"_VenueShowMapLink":false,"_kadence_starter_templates_imported_post":false,"_kad_post_transparent":"","_kad_post_title":"","_kad_post_layout":"","_kad_post_sidebar_id":"","_kad_post_content_style":"","_kad_post_vertical_padding":"","_kad_post_feature":"","_kad_post_feature_position":"","_kad_post_header":false,"_kad_post_footer":false,"footnotes":""},"categories":[6],"tags":[],"class_list":["post-1420","post","type-post","status-publish","format-standard","has-post-thumbnail","hentry","category-convenios"],"_links":{"self":[{"href":"http:\/\/canacoservyturpiedrasnegras.com\/index.php?rest_route=\/wp\/v2\/posts\/1420","targetHints":{"allow":["GET"]}}],"collection":[{"href":"http:\/\/canacoservyturpiedrasnegras.com\/index.php?rest_route=\/wp\/v2\/posts"}],"about":[{"href":"http:\/\/canacoservyturpiedrasnegras.com\/index.php?rest_route=\/wp\/v2\/types\/post"}],"author":[{"embeddable":true,"href":"http:\/\/canacoservyturpiedrasnegras.com\/index.php?rest_route=\/wp\/v2\/users\/1"}],"replies":[{"embeddable":true,"href":"http:\/\/canacoservyturpiedrasnegras.com\/index.php?rest_route=%2Fwp%2Fv2%2Fcomments&post=1420"}],"version-history":[{"count":1,"href":"http:\/\/canacoservyturpiedrasnegras.com\/index.php?rest_route=\/wp\/v2\/posts\/1420\/revisions"}],"predecessor-version":[{"id":1425,"href":"http:\/\/canacoservyturpiedrasnegras.com\/index.php?rest_route=\/wp\/v2\/posts\/1420\/revisions\/1425"}],"wp:featuredmedia":[{"embeddable":true,"href":"http:\/\/canacoservyturpiedrasnegras.com\/index.php?rest_route=\/wp\/v2\/media\/1424"}],"wp:attachment":[{"href":"http:\/\/canacoservyturpiedrasnegras.com\/index.php?rest_route=%2Fwp%2Fv2%2Fmedia&parent=1420"}],"wp:term":[{"taxonomy":"category","embeddable":true,"href":"http:\/\/canacoservyturpiedrasnegras.com\/index.php?rest_route=%2Fwp%2Fv2%2Fcategories&post=1420"},{"taxonomy":"post_tag","embeddable":true,"href":"http:\/\/canacoservyturpiedrasnegras.com\/index.php?rest_route=%2Fwp%2Fv2%2Ftags&post=1420"}],"curies":[{"name":"wp","href":"https:\/\/api.w.org\/{rel}","templated":true}]}}