{"id":1426,"date":"2024-05-22T19:29:20","date_gmt":"2024-05-22T19:29:20","guid":{"rendered":"https:\/\/canacoservyturpiedrasnegras.com\/?p=1426"},"modified":"2024-06-22T17:43:40","modified_gmt":"2024-06-22T17:43:40","slug":"4a-sesion-ordinaria-2024","status":"publish","type":"post","link":"http:\/\/canacoservyturpiedrasnegras.com\/?p=1426","title":{"rendered":"4a. Sesi\u00f3n Ordinaria 2024"},"content":{"rendered":"\n<p>La C\u00e1mara Nacional de Comercio de Piedras Negras realiz\u00f3 la 4a. Sesi\u00f3n Ordinaria encabezada por el presidente Lic. H\u00e9ctor Javier Rodr\u00edguez L\u00f3pez y el Consejo Directivo en donde se inform\u00f3 sobre los estados financieros, las actividades realizadas, nombramiento de representante de giro a la Ing. Grecia P\u00e9rez Alvarado as\u00ed como seguimiento de proyectos y actividades para este 2024.<\/p>\n\n\n\n<figure class=\"wp-block-gallery has-nested-images columns-default is-cropped wp-block-gallery-1 is-layout-flex wp-block-gallery-is-layout-flex\">\n<figure class=\"wp-block-image size-large\"><img loading=\"lazy\" decoding=\"async\" width=\"791\" height=\"593\" data-id=\"1429\" src=\"https:\/\/canacoservyturpiedrasnegras.com\/wp-content\/uploads\/2024\/05\/REUNION-DE-CONSEJOS.jpg\" alt=\"\" class=\"wp-image-1429\" srcset=\"http:\/\/canacoservyturpiedrasnegras.com\/wp-content\/uploads\/2024\/05\/REUNION-DE-CONSEJOS.jpg 791w, http:\/\/canacoservyturpiedrasnegras.com\/wp-content\/uploads\/2024\/05\/REUNION-DE-CONSEJOS-300x225.jpg 300w, http:\/\/canacoservyturpiedrasnegras.com\/wp-content\/uploads\/2024\/05\/REUNION-DE-CONSEJOS-768x576.jpg 768w\" sizes=\"auto, (max-width: 791px) 100vw, 791px\" \/><\/figure>\n\n\n\n<figure class=\"wp-block-image size-large\"><img loading=\"lazy\" decoding=\"async\" width=\"791\" height=\"593\" data-id=\"1430\" src=\"https:\/\/canacoservyturpiedrasnegras.com\/wp-content\/uploads\/2024\/05\/REUNION-DE-CONSEJOS1.jpg\" alt=\"\" class=\"wp-image-1430\" srcset=\"http:\/\/canacoservyturpiedrasnegras.com\/wp-content\/uploads\/2024\/05\/REUNION-DE-CONSEJOS1.jpg 791w, http:\/\/canacoservyturpiedrasnegras.com\/wp-content\/uploads\/2024\/05\/REUNION-DE-CONSEJOS1-300x225.jpg 300w, http:\/\/canacoservyturpiedrasnegras.com\/wp-content\/uploads\/2024\/05\/REUNION-DE-CONSEJOS1-768x576.jpg 768w\" sizes=\"auto, (max-width: 791px) 100vw, 791px\" \/><\/figure>\n\n\n\n<figure class=\"wp-block-image size-large\"><img loading=\"lazy\" decoding=\"async\" width=\"791\" height=\"593\" data-id=\"1427\" src=\"https:\/\/canacoservyturpiedrasnegras.com\/wp-content\/uploads\/2024\/05\/REUNION-DE-CONSEJOS2.jpg\" alt=\"\" class=\"wp-image-1427\" srcset=\"http:\/\/canacoservyturpiedrasnegras.com\/wp-content\/uploads\/2024\/05\/REUNION-DE-CONSEJOS2.jpg 791w, http:\/\/canacoservyturpiedrasnegras.com\/wp-content\/uploads\/2024\/05\/REUNION-DE-CONSEJOS2-300x225.jpg 300w, http:\/\/canacoservyturpiedrasnegras.com\/wp-content\/uploads\/2024\/05\/REUNION-DE-CONSEJOS2-768x576.jpg 768w\" sizes=\"auto, (max-width: 791px) 100vw, 791px\" \/><\/figure>\n\n\n\n<figure class=\"wp-block-image size-large\"><img loading=\"lazy\" decoding=\"async\" width=\"791\" height=\"593\" data-id=\"1428\" src=\"https:\/\/canacoservyturpiedrasnegras.com\/wp-content\/uploads\/2024\/05\/REUNION-DE-CONSEJOS3.jpg\" alt=\"\" class=\"wp-image-1428\" srcset=\"http:\/\/canacoservyturpiedrasnegras.com\/wp-content\/uploads\/2024\/05\/REUNION-DE-CONSEJOS3.jpg 791w, http:\/\/canacoservyturpiedrasnegras.com\/wp-content\/uploads\/2024\/05\/REUNION-DE-CONSEJOS3-300x225.jpg 300w, http:\/\/canacoservyturpiedrasnegras.com\/wp-content\/uploads\/2024\/05\/REUNION-DE-CONSEJOS3-768x576.jpg 768w\" sizes=\"auto, (max-width: 791px) 100vw, 791px\" \/><\/figure>\n<\/figure>\n","protected":false},"excerpt":{"rendered":"<p>La C\u00e1mara Nacional de Comercio de Piedras Negras realiz\u00f3 la 4a. Sesi\u00f3n Ordinaria encabezada por el presidente Lic. H\u00e9ctor Javier Rodr\u00edguez L\u00f3pez y el Consejo Directivo en donde se inform\u00f3 sobre los estados financieros, las actividades realizadas, nombramiento de representante de giro a la Ing. Grecia P\u00e9rez Alvarado as\u00ed como seguimiento de proyectos y actividades&#8230;<\/p>\n","protected":false},"author":1,"featured_media":1429,"comment_status":"open","ping_status":"open","sticky":false,"template":"","format":"standard","meta":{"_EventAllDay":false,"_EventTimezone":"","_EventStartDate":"","_EventEndDate":"","_EventStartDateUTC":"","_EventEndDateUTC":"","_EventShowMap":false,"_EventShowMapLink":false,"_EventURL":"","_EventCost":"","_EventCostDescription":"","_EventCurrencySymbol":"","_EventCurrencyCode":"","_EventCurrencyPosition":"","_EventDateTimeSeparator":"","_EventTimeRangeSeparator":"","_EventOrganizerID":[],"_EventVenueID":[],"_OrganizerEmail":"","_OrganizerPhone":"","_OrganizerWebsite":"","_VenueAddress":"","_VenueCity":"","_VenueCountry":"","_VenueProvince":"","_VenueState":"","_VenueZip":"","_VenuePhone":"","_VenueURL":"","_VenueStateProvince":"","_VenueLat":"","_VenueLng":"","_VenueShowMap":false,"_VenueShowMapLink":false,"_kadence_starter_templates_imported_post":false,"_kad_post_transparent":"","_kad_post_title":"","_kad_post_layout":"","_kad_post_sidebar_id":"","_kad_post_content_style":"","_kad_post_vertical_padding":"","_kad_post_feature":"","_kad_post_feature_position":"","_kad_post_header":false,"_kad_post_footer":false,"footnotes":""},"categories":[8],"tags":[],"class_list":["post-1426","post","type-post","status-publish","format-standard","has-post-thumbnail","hentry","category-reuniones"],"_links":{"self":[{"href":"http:\/\/canacoservyturpiedrasnegras.com\/index.php?rest_route=\/wp\/v2\/posts\/1426","targetHints":{"allow":["GET"]}}],"collection":[{"href":"http:\/\/canacoservyturpiedrasnegras.com\/index.php?rest_route=\/wp\/v2\/posts"}],"about":[{"href":"http:\/\/canacoservyturpiedrasnegras.com\/index.php?rest_route=\/wp\/v2\/types\/post"}],"author":[{"embeddable":true,"href":"http:\/\/canacoservyturpiedrasnegras.com\/index.php?rest_route=\/wp\/v2\/users\/1"}],"replies":[{"embeddable":true,"href":"http:\/\/canacoservyturpiedrasnegras.com\/index.php?rest_route=%2Fwp%2Fv2%2Fcomments&post=1426"}],"version-history":[{"count":1,"href":"http:\/\/canacoservyturpiedrasnegras.com\/index.php?rest_route=\/wp\/v2\/posts\/1426\/revisions"}],"predecessor-version":[{"id":1431,"href":"http:\/\/canacoservyturpiedrasnegras.com\/index.php?rest_route=\/wp\/v2\/posts\/1426\/revisions\/1431"}],"wp:featuredmedia":[{"embeddable":true,"href":"http:\/\/canacoservyturpiedrasnegras.com\/index.php?rest_route=\/wp\/v2\/media\/1429"}],"wp:attachment":[{"href":"http:\/\/canacoservyturpiedrasnegras.com\/index.php?rest_route=%2Fwp%2Fv2%2Fmedia&parent=1426"}],"wp:term":[{"taxonomy":"category","embeddable":true,"href":"http:\/\/canacoservyturpiedrasnegras.com\/index.php?rest_route=%2Fwp%2Fv2%2Fcategories&post=1426"},{"taxonomy":"post_tag","embeddable":true,"href":"http:\/\/canacoservyturpiedrasnegras.com\/index.php?rest_route=%2Fwp%2Fv2%2Ftags&post=1426"}],"curies":[{"name":"wp","href":"https:\/\/api.w.org\/{rel}","templated":true}]}}