{"id":1550,"date":"2024-07-05T18:17:40","date_gmt":"2024-07-05T18:17:40","guid":{"rendered":"http:\/\/canacoservyturpiedrasnegras.com\/?p=1550"},"modified":"2024-07-05T18:17:40","modified_gmt":"2024-07-05T18:17:40","slug":"ceremonia-de-graduacion-de-la-generacion-2024-de-la-universidad-interamericana-del-bravo","status":"publish","type":"post","link":"http:\/\/canacoservyturpiedrasnegras.com\/?p=1550","title":{"rendered":"Ceremonia de Graduaci\u00f3n de la Generaci\u00f3n 2024 de la Universidad Interamericana del Bravo"},"content":{"rendered":"\n<p>El presidente Lic. H\u00e9ctor Javier Rodr\u00edguez L\u00f3pez asisti\u00f3 en representaci\u00f3n de la C\u00e1mara Nacional de Comercio como Padrino de Generaci\u00f3n en la Ceremonia de Graduaci\u00f3n de la Generaci\u00f3n 2024 de la Universidad Interamericana del Bravo, donde se graduaron 50 estudiantes de educaci\u00f3n media superior y superior, dando un emotivo mensaje de agradecimiento por la invitaci\u00f3n como Padrino de este magno evento, resaltando la importancia de la vinculaci\u00f3n entre el sector empresarial y educativo.<\/p>\n\n\n\n<figure class=\"wp-block-gallery has-nested-images columns-default is-cropped wp-block-gallery-1 is-layout-flex wp-block-gallery-is-layout-flex\">\n<figure class=\"wp-block-image size-large\"><img loading=\"lazy\" decoding=\"async\" width=\"1024\" height=\"583\" data-id=\"1551\" src=\"http:\/\/canacoservyturpiedrasnegras.com\/wp-content\/uploads\/2024\/07\/GRADUACION-1-1024x583.jpeg\" alt=\"\" class=\"wp-image-1551\" srcset=\"http:\/\/canacoservyturpiedrasnegras.com\/wp-content\/uploads\/2024\/07\/GRADUACION-1-1024x583.jpeg 1024w, http:\/\/canacoservyturpiedrasnegras.com\/wp-content\/uploads\/2024\/07\/GRADUACION-1-300x171.jpeg 300w, http:\/\/canacoservyturpiedrasnegras.com\/wp-content\/uploads\/2024\/07\/GRADUACION-1-768x437.jpeg 768w, http:\/\/canacoservyturpiedrasnegras.com\/wp-content\/uploads\/2024\/07\/GRADUACION-1-1536x875.jpeg 1536w, http:\/\/canacoservyturpiedrasnegras.com\/wp-content\/uploads\/2024\/07\/GRADUACION-1.jpeg 1600w\" sizes=\"auto, (max-width: 1024px) 100vw, 1024px\" \/><\/figure>\n\n\n\n<figure class=\"wp-block-image size-large\"><img loading=\"lazy\" decoding=\"async\" width=\"1024\" height=\"583\" data-id=\"1552\" src=\"http:\/\/canacoservyturpiedrasnegras.com\/wp-content\/uploads\/2024\/07\/GRADUACION-2-1024x583.jpeg\" alt=\"\" class=\"wp-image-1552\" srcset=\"http:\/\/canacoservyturpiedrasnegras.com\/wp-content\/uploads\/2024\/07\/GRADUACION-2-1024x583.jpeg 1024w, http:\/\/canacoservyturpiedrasnegras.com\/wp-content\/uploads\/2024\/07\/GRADUACION-2-300x171.jpeg 300w, http:\/\/canacoservyturpiedrasnegras.com\/wp-content\/uploads\/2024\/07\/GRADUACION-2-768x437.jpeg 768w, http:\/\/canacoservyturpiedrasnegras.com\/wp-content\/uploads\/2024\/07\/GRADUACION-2-1536x875.jpeg 1536w, http:\/\/canacoservyturpiedrasnegras.com\/wp-content\/uploads\/2024\/07\/GRADUACION-2.jpeg 1600w\" sizes=\"auto, (max-width: 1024px) 100vw, 1024px\" \/><\/figure>\n\n\n\n<figure class=\"wp-block-image size-large\"><img loading=\"lazy\" decoding=\"async\" width=\"1024\" height=\"583\" data-id=\"1553\" src=\"http:\/\/canacoservyturpiedrasnegras.com\/wp-content\/uploads\/2024\/07\/GRADUACION-3-1024x583.jpeg\" alt=\"\" class=\"wp-image-1553\" srcset=\"http:\/\/canacoservyturpiedrasnegras.com\/wp-content\/uploads\/2024\/07\/GRADUACION-3-1024x583.jpeg 1024w, http:\/\/canacoservyturpiedrasnegras.com\/wp-content\/uploads\/2024\/07\/GRADUACION-3-300x171.jpeg 300w, http:\/\/canacoservyturpiedrasnegras.com\/wp-content\/uploads\/2024\/07\/GRADUACION-3-768x437.jpeg 768w, http:\/\/canacoservyturpiedrasnegras.com\/wp-content\/uploads\/2024\/07\/GRADUACION-3-1536x875.jpeg 1536w, http:\/\/canacoservyturpiedrasnegras.com\/wp-content\/uploads\/2024\/07\/GRADUACION-3.jpeg 1600w\" sizes=\"auto, (max-width: 1024px) 100vw, 1024px\" \/><\/figure>\n<\/figure>\n","protected":false},"excerpt":{"rendered":"<p>El presidente Lic. H\u00e9ctor Javier Rodr\u00edguez L\u00f3pez asisti\u00f3 en representaci\u00f3n de la C\u00e1mara Nacional de Comercio como Padrino de Generaci\u00f3n en la Ceremonia de Graduaci\u00f3n de la Generaci\u00f3n 2024 de la Universidad Interamericana del Bravo, donde se graduaron 50 estudiantes de educaci\u00f3n media superior y superior, dando un emotivo mensaje de agradecimiento por la invitaci\u00f3n&#8230;<\/p>\n","protected":false},"author":1,"featured_media":1553,"comment_status":"open","ping_status":"open","sticky":false,"template":"","format":"standard","meta":{"_EventAllDay":false,"_EventTimezone":"","_EventStartDate":"","_EventEndDate":"","_EventStartDateUTC":"","_EventEndDateUTC":"","_EventShowMap":false,"_EventShowMapLink":false,"_EventURL":"","_EventCost":"","_EventCostDescription":"","_EventCurrencySymbol":"","_EventCurrencyCode":"","_EventCurrencyPosition":"","_EventDateTimeSeparator":"","_EventTimeRangeSeparator":"","_EventOrganizerID":[],"_EventVenueID":[],"_OrganizerEmail":"","_OrganizerPhone":"","_OrganizerWebsite":"","_VenueAddress":"","_VenueCity":"","_VenueCountry":"","_VenueProvince":"","_VenueState":"","_VenueZip":"","_VenuePhone":"","_VenueURL":"","_VenueStateProvince":"","_VenueLat":"","_VenueLng":"","_VenueShowMap":false,"_VenueShowMapLink":false,"_kadence_starter_templates_imported_post":false,"_kad_post_transparent":"","_kad_post_title":"","_kad_post_layout":"","_kad_post_sidebar_id":"","_kad_post_content_style":"","_kad_post_vertical_padding":"","_kad_post_feature":"","_kad_post_feature_position":"","_kad_post_header":false,"_kad_post_footer":false,"footnotes":""},"categories":[2],"tags":[],"class_list":["post-1550","post","type-post","status-publish","format-standard","has-post-thumbnail","hentry","category-eventos"],"_links":{"self":[{"href":"http:\/\/canacoservyturpiedrasnegras.com\/index.php?rest_route=\/wp\/v2\/posts\/1550","targetHints":{"allow":["GET"]}}],"collection":[{"href":"http:\/\/canacoservyturpiedrasnegras.com\/index.php?rest_route=\/wp\/v2\/posts"}],"about":[{"href":"http:\/\/canacoservyturpiedrasnegras.com\/index.php?rest_route=\/wp\/v2\/types\/post"}],"author":[{"embeddable":true,"href":"http:\/\/canacoservyturpiedrasnegras.com\/index.php?rest_route=\/wp\/v2\/users\/1"}],"replies":[{"embeddable":true,"href":"http:\/\/canacoservyturpiedrasnegras.com\/index.php?rest_route=%2Fwp%2Fv2%2Fcomments&post=1550"}],"version-history":[{"count":1,"href":"http:\/\/canacoservyturpiedrasnegras.com\/index.php?rest_route=\/wp\/v2\/posts\/1550\/revisions"}],"predecessor-version":[{"id":1554,"href":"http:\/\/canacoservyturpiedrasnegras.com\/index.php?rest_route=\/wp\/v2\/posts\/1550\/revisions\/1554"}],"wp:featuredmedia":[{"embeddable":true,"href":"http:\/\/canacoservyturpiedrasnegras.com\/index.php?rest_route=\/wp\/v2\/media\/1553"}],"wp:attachment":[{"href":"http:\/\/canacoservyturpiedrasnegras.com\/index.php?rest_route=%2Fwp%2Fv2%2Fmedia&parent=1550"}],"wp:term":[{"taxonomy":"category","embeddable":true,"href":"http:\/\/canacoservyturpiedrasnegras.com\/index.php?rest_route=%2Fwp%2Fv2%2Fcategories&post=1550"},{"taxonomy":"post_tag","embeddable":true,"href":"http:\/\/canacoservyturpiedrasnegras.com\/index.php?rest_route=%2Fwp%2Fv2%2Ftags&post=1550"}],"curies":[{"name":"wp","href":"https:\/\/api.w.org\/{rel}","templated":true}]}}