{"id":1562,"date":"2024-07-11T15:11:05","date_gmt":"2024-07-11T15:11:05","guid":{"rendered":"http:\/\/canacoservyturpiedrasnegras.com\/?p=1562"},"modified":"2024-07-11T15:11:05","modified_gmt":"2024-07-11T15:11:05","slug":"6a-sesion-ordinaria","status":"publish","type":"post","link":"http:\/\/canacoservyturpiedrasnegras.com\/?p=1562","title":{"rendered":"6a. Sesi\u00f3n Ordinaria"},"content":{"rendered":"\n<figure class=\"wp-block-gallery has-nested-images columns-3 is-cropped wp-block-gallery-1 is-layout-flex wp-block-gallery-is-layout-flex\">\n<figure class=\"wp-block-image size-large\"><img loading=\"lazy\" decoding=\"async\" width=\"962\" height=\"959\" data-id=\"1563\" src=\"http:\/\/canacoservyturpiedrasnegras.com\/wp-content\/uploads\/2024\/07\/junta-de-consejo-calidad.jpg\" alt=\"\" class=\"wp-image-1563\" srcset=\"http:\/\/canacoservyturpiedrasnegras.com\/wp-content\/uploads\/2024\/07\/junta-de-consejo-calidad.jpg 962w, http:\/\/canacoservyturpiedrasnegras.com\/wp-content\/uploads\/2024\/07\/junta-de-consejo-calidad-300x300.jpg 300w, http:\/\/canacoservyturpiedrasnegras.com\/wp-content\/uploads\/2024\/07\/junta-de-consejo-calidad-150x150.jpg 150w, http:\/\/canacoservyturpiedrasnegras.com\/wp-content\/uploads\/2024\/07\/junta-de-consejo-calidad-768x766.jpg 768w\" sizes=\"auto, (max-width: 962px) 100vw, 962px\" \/><\/figure>\n\n\n\n<figure class=\"wp-block-image size-large\"><img loading=\"lazy\" decoding=\"async\" width=\"962\" height=\"959\" data-id=\"1564\" src=\"http:\/\/canacoservyturpiedrasnegras.com\/wp-content\/uploads\/2024\/07\/junta-de-consejo1calidad.jpg\" alt=\"\" class=\"wp-image-1564\" srcset=\"http:\/\/canacoservyturpiedrasnegras.com\/wp-content\/uploads\/2024\/07\/junta-de-consejo1calidad.jpg 962w, http:\/\/canacoservyturpiedrasnegras.com\/wp-content\/uploads\/2024\/07\/junta-de-consejo1calidad-300x300.jpg 300w, http:\/\/canacoservyturpiedrasnegras.com\/wp-content\/uploads\/2024\/07\/junta-de-consejo1calidad-150x150.jpg 150w, http:\/\/canacoservyturpiedrasnegras.com\/wp-content\/uploads\/2024\/07\/junta-de-consejo1calidad-768x766.jpg 768w\" sizes=\"auto, (max-width: 962px) 100vw, 962px\" \/><\/figure>\n<\/figure>\n\n\n\n<p>La C\u00e1mara Nacional de Comercio de Piedras Negras realiz\u00f3 la 6a. Sesi\u00f3n Ordinaria en las instalaciones del Hospital Civil, la reuni\u00f3n fue encabezada por el presidente Lic. H\u00e9ctor Javier Rodr\u00edguez L\u00f3pez y el Consejo Directivo donde se le otorg\u00f3 el nombramiento al Lic. Gabriel Bustamante Salinas como Representante de Transportes Concesionados, posteriormente el Director del Hospital Civil el Dr. Oscar De La Garza se realiz\u00f3 una presentaci\u00f3n de los directivos del hospital, las instalaciones y los servicios que presta el hospital civil a la ciudadan\u00eda.<\/p>\n","protected":false},"excerpt":{"rendered":"<p>La C\u00e1mara Nacional de Comercio de Piedras Negras realiz\u00f3 la 6a. Sesi\u00f3n Ordinaria en las instalaciones del Hospital Civil, la reuni\u00f3n fue encabezada por el presidente Lic. H\u00e9ctor Javier Rodr\u00edguez L\u00f3pez y el Consejo Directivo donde se le otorg\u00f3 el nombramiento al Lic. Gabriel Bustamante Salinas como Representante de Transportes Concesionados, posteriormente el Director del&#8230;<\/p>\n","protected":false},"author":1,"featured_media":1563,"comment_status":"open","ping_status":"open","sticky":false,"template":"","format":"standard","meta":{"_EventAllDay":false,"_EventTimezone":"","_EventStartDate":"","_EventEndDate":"","_EventStartDateUTC":"","_EventEndDateUTC":"","_EventShowMap":false,"_EventShowMapLink":false,"_EventURL":"","_EventCost":"","_EventCostDescription":"","_EventCurrencySymbol":"","_EventCurrencyCode":"","_EventCurrencyPosition":"","_EventDateTimeSeparator":"","_EventTimeRangeSeparator":"","_EventOrganizerID":[],"_EventVenueID":[],"_OrganizerEmail":"","_OrganizerPhone":"","_OrganizerWebsite":"","_VenueAddress":"","_VenueCity":"","_VenueCountry":"","_VenueProvince":"","_VenueState":"","_VenueZip":"","_VenuePhone":"","_VenueURL":"","_VenueStateProvince":"","_VenueLat":"","_VenueLng":"","_VenueShowMap":false,"_VenueShowMapLink":false,"_kadence_starter_templates_imported_post":false,"_kad_post_transparent":"","_kad_post_title":"","_kad_post_layout":"","_kad_post_sidebar_id":"","_kad_post_content_style":"","_kad_post_vertical_padding":"","_kad_post_feature":"","_kad_post_feature_position":"","_kad_post_header":false,"_kad_post_footer":false,"footnotes":""},"categories":[8],"tags":[],"class_list":["post-1562","post","type-post","status-publish","format-standard","has-post-thumbnail","hentry","category-reuniones"],"_links":{"self":[{"href":"http:\/\/canacoservyturpiedrasnegras.com\/index.php?rest_route=\/wp\/v2\/posts\/1562","targetHints":{"allow":["GET"]}}],"collection":[{"href":"http:\/\/canacoservyturpiedrasnegras.com\/index.php?rest_route=\/wp\/v2\/posts"}],"about":[{"href":"http:\/\/canacoservyturpiedrasnegras.com\/index.php?rest_route=\/wp\/v2\/types\/post"}],"author":[{"embeddable":true,"href":"http:\/\/canacoservyturpiedrasnegras.com\/index.php?rest_route=\/wp\/v2\/users\/1"}],"replies":[{"embeddable":true,"href":"http:\/\/canacoservyturpiedrasnegras.com\/index.php?rest_route=%2Fwp%2Fv2%2Fcomments&post=1562"}],"version-history":[{"count":1,"href":"http:\/\/canacoservyturpiedrasnegras.com\/index.php?rest_route=\/wp\/v2\/posts\/1562\/revisions"}],"predecessor-version":[{"id":1565,"href":"http:\/\/canacoservyturpiedrasnegras.com\/index.php?rest_route=\/wp\/v2\/posts\/1562\/revisions\/1565"}],"wp:featuredmedia":[{"embeddable":true,"href":"http:\/\/canacoservyturpiedrasnegras.com\/index.php?rest_route=\/wp\/v2\/media\/1563"}],"wp:attachment":[{"href":"http:\/\/canacoservyturpiedrasnegras.com\/index.php?rest_route=%2Fwp%2Fv2%2Fmedia&parent=1562"}],"wp:term":[{"taxonomy":"category","embeddable":true,"href":"http:\/\/canacoservyturpiedrasnegras.com\/index.php?rest_route=%2Fwp%2Fv2%2Fcategories&post=1562"},{"taxonomy":"post_tag","embeddable":true,"href":"http:\/\/canacoservyturpiedrasnegras.com\/index.php?rest_route=%2Fwp%2Fv2%2Ftags&post=1562"}],"curies":[{"name":"wp","href":"https:\/\/api.w.org\/{rel}","templated":true}]}}