{"id":1567,"date":"2024-07-17T14:29:26","date_gmt":"2024-07-17T14:29:26","guid":{"rendered":"http:\/\/canacoservyturpiedrasnegras.com\/?p=1567"},"modified":"2024-07-17T14:29:26","modified_gmt":"2024-07-17T14:29:26","slug":"reunion-con-la-mtra-anabelle-m-arzola","status":"publish","type":"post","link":"http:\/\/canacoservyturpiedrasnegras.com\/?p=1567","title":{"rendered":"Reuni\u00f3n con la Mtra. Anabelle M. Arzola"},"content":{"rendered":"\n<p><span style=\"color: rgb(5, 5, 5); font-family: &quot;Segoe UI Historic&quot;, &quot;Segoe UI&quot;, Helvetica, Arial, sans-serif; font-size: 15px; background-color: rgb(255, 255, 255);\">El Presidente Lic. H\u00e9ctor Javier Rodr\u00edguez L\u00f3pez sostuvo una reuni\u00f3n en nuestras instalaciones con la Mtra. Anabelle M. Arzola Licenciataria Microsoft M\u00e9xico y Directora del Instituto Interamericano de Lenguaje Positivo quien nos visit\u00f3 con el objetivo de dar seguimiento a temas de capacitaci\u00f3n profesional corporativa y cursos sobre  liderazgo, Habilidades Blandas, Coaching Motivacional y Desarrollo de la IA, EXCEL b\u00e1sico y avanzado certificadas por SEP, herramientas <\/span><span class=\"html-span xdj266r x11i5rnm xat24cr x1mh8g0r xexx8yu x4uap5 x18d9i69 xkhd6sd x1hl2dhg x16tdsg8 x1vvkbs\" style=\"margin: 0px; overflow-wrap: break-word; padding: 0px; font-family: &quot;Segoe UI Historic&quot;, &quot;Segoe UI&quot;, Helvetica, Arial, sans-serif; color: rgb(5, 5, 5); font-size: 15px; background-color: rgb(255, 255, 255);\"><a tabindex=\"-1\" class=\"html-a xdj266r x11i5rnm xat24cr x1mh8g0r xexx8yu x4uap5 x18d9i69 xkhd6sd x1hl2dhg x16tdsg8 x1vvkbs\" style=\"color: rgb(56, 88, 152); cursor: pointer; margin: 0px; text-align: inherit; overflow-wrap: break-word; padding: 0px; font-family: inherit;\"><\/a><\/span><span style=\"color: rgb(5, 5, 5); font-family: &quot;Segoe UI Historic&quot;, &quot;Segoe UI&quot;, Helvetica, Arial, sans-serif; font-size: 15px; background-color: rgb(255, 255, 255);\">necesarias que demanda el mundo laboral hoy, como representante de  la Inspecci\u00f3n y Evaluaci\u00f3n  de Competencias Microsoft en M\u00e9xico haciendo Alianzas Positivas con CANACO Local para cubrir las necesidades laborales de la comunidad productiva.<\/span><\/p>\n\n\n\n<figure class=\"wp-block-gallery has-nested-images columns-default is-cropped wp-block-gallery-1 is-layout-flex wp-block-gallery-is-layout-flex\">\n<figure class=\"wp-block-image size-large\"><img loading=\"lazy\" decoding=\"async\" width=\"1024\" height=\"1021\" data-id=\"1568\" src=\"http:\/\/canacoservyturpiedrasnegras.com\/wp-content\/uploads\/2024\/07\/INTERLEP-1024x1021.jpeg\" alt=\"\" class=\"wp-image-1568\" srcset=\"http:\/\/canacoservyturpiedrasnegras.com\/wp-content\/uploads\/2024\/07\/INTERLEP-1024x1021.jpeg 1024w, http:\/\/canacoservyturpiedrasnegras.com\/wp-content\/uploads\/2024\/07\/INTERLEP-300x300.jpeg 300w, http:\/\/canacoservyturpiedrasnegras.com\/wp-content\/uploads\/2024\/07\/INTERLEP-150x150.jpeg 150w, http:\/\/canacoservyturpiedrasnegras.com\/wp-content\/uploads\/2024\/07\/INTERLEP-768x765.jpeg 768w, http:\/\/canacoservyturpiedrasnegras.com\/wp-content\/uploads\/2024\/07\/INTERLEP.jpeg 1203w\" sizes=\"auto, (max-width: 1024px) 100vw, 1024px\" \/><\/figure>\n\n\n\n<figure class=\"wp-block-image size-large\"><img loading=\"lazy\" decoding=\"async\" width=\"1024\" height=\"1021\" data-id=\"1570\" src=\"http:\/\/canacoservyturpiedrasnegras.com\/wp-content\/uploads\/2024\/07\/INTERLEP1-1024x1021.jpeg\" alt=\"\" class=\"wp-image-1570\" srcset=\"http:\/\/canacoservyturpiedrasnegras.com\/wp-content\/uploads\/2024\/07\/INTERLEP1-1024x1021.jpeg 1024w, http:\/\/canacoservyturpiedrasnegras.com\/wp-content\/uploads\/2024\/07\/INTERLEP1-300x300.jpeg 300w, http:\/\/canacoservyturpiedrasnegras.com\/wp-content\/uploads\/2024\/07\/INTERLEP1-150x150.jpeg 150w, http:\/\/canacoservyturpiedrasnegras.com\/wp-content\/uploads\/2024\/07\/INTERLEP1-768x765.jpeg 768w, http:\/\/canacoservyturpiedrasnegras.com\/wp-content\/uploads\/2024\/07\/INTERLEP1.jpeg 1203w\" sizes=\"auto, (max-width: 1024px) 100vw, 1024px\" \/><\/figure>\n\n\n\n<figure class=\"wp-block-image size-large\"><img loading=\"lazy\" decoding=\"async\" width=\"1024\" height=\"1021\" data-id=\"1569\" src=\"http:\/\/canacoservyturpiedrasnegras.com\/wp-content\/uploads\/2024\/07\/INTERLEP2-1024x1021.jpeg\" alt=\"\" class=\"wp-image-1569\" srcset=\"http:\/\/canacoservyturpiedrasnegras.com\/wp-content\/uploads\/2024\/07\/INTERLEP2-1024x1021.jpeg 1024w, http:\/\/canacoservyturpiedrasnegras.com\/wp-content\/uploads\/2024\/07\/INTERLEP2-300x300.jpeg 300w, http:\/\/canacoservyturpiedrasnegras.com\/wp-content\/uploads\/2024\/07\/INTERLEP2-150x150.jpeg 150w, http:\/\/canacoservyturpiedrasnegras.com\/wp-content\/uploads\/2024\/07\/INTERLEP2-768x765.jpeg 768w, http:\/\/canacoservyturpiedrasnegras.com\/wp-content\/uploads\/2024\/07\/INTERLEP2.jpeg 1203w\" sizes=\"auto, (max-width: 1024px) 100vw, 1024px\" \/><\/figure>\n\n\n\n<figure class=\"wp-block-image size-large\"><img loading=\"lazy\" decoding=\"async\" width=\"1024\" height=\"1021\" data-id=\"1571\" src=\"http:\/\/canacoservyturpiedrasnegras.com\/wp-content\/uploads\/2024\/07\/INTERLEP4-1024x1021.jpeg\" alt=\"\" class=\"wp-image-1571\" srcset=\"http:\/\/canacoservyturpiedrasnegras.com\/wp-content\/uploads\/2024\/07\/INTERLEP4-1024x1021.jpeg 1024w, http:\/\/canacoservyturpiedrasnegras.com\/wp-content\/uploads\/2024\/07\/INTERLEP4-300x300.jpeg 300w, http:\/\/canacoservyturpiedrasnegras.com\/wp-content\/uploads\/2024\/07\/INTERLEP4-150x150.jpeg 150w, http:\/\/canacoservyturpiedrasnegras.com\/wp-content\/uploads\/2024\/07\/INTERLEP4-768x765.jpeg 768w, http:\/\/canacoservyturpiedrasnegras.com\/wp-content\/uploads\/2024\/07\/INTERLEP4.jpeg 1203w\" sizes=\"auto, (max-width: 1024px) 100vw, 1024px\" \/><\/figure>\n<\/figure>\n","protected":false},"excerpt":{"rendered":"<p>El Presidente Lic. H\u00e9ctor Javier Rodr\u00edguez L\u00f3pez sostuvo una reuni\u00f3n en nuestras instalaciones con la Mtra. Anabelle M. Arzola Licenciataria Microsoft M\u00e9xico y Directora del Instituto Interamericano de Lenguaje Positivo quien nos visit\u00f3 con el objetivo de dar seguimiento a temas de capacitaci\u00f3n profesional corporativa y cursos sobre liderazgo, Habilidades Blandas, Coaching Motivacional y Desarrollo&#8230;<\/p>\n","protected":false},"author":1,"featured_media":1568,"comment_status":"open","ping_status":"open","sticky":false,"template":"","format":"standard","meta":{"_EventAllDay":false,"_EventTimezone":"","_EventStartDate":"","_EventEndDate":"","_EventStartDateUTC":"","_EventEndDateUTC":"","_EventShowMap":false,"_EventShowMapLink":false,"_EventURL":"","_EventCost":"","_EventCostDescription":"","_EventCurrencySymbol":"","_EventCurrencyCode":"","_EventCurrencyPosition":"","_EventDateTimeSeparator":"","_EventTimeRangeSeparator":"","_EventOrganizerID":[],"_EventVenueID":[],"_OrganizerEmail":"","_OrganizerPhone":"","_OrganizerWebsite":"","_VenueAddress":"","_VenueCity":"","_VenueCountry":"","_VenueProvince":"","_VenueState":"","_VenueZip":"","_VenuePhone":"","_VenueURL":"","_VenueStateProvince":"","_VenueLat":"","_VenueLng":"","_VenueShowMap":false,"_VenueShowMapLink":false,"_kadence_starter_templates_imported_post":false,"_kad_post_transparent":"","_kad_post_title":"","_kad_post_layout":"","_kad_post_sidebar_id":"","_kad_post_content_style":"","_kad_post_vertical_padding":"","_kad_post_feature":"","_kad_post_feature_position":"","_kad_post_header":false,"_kad_post_footer":false,"footnotes":""},"categories":[8],"tags":[],"class_list":["post-1567","post","type-post","status-publish","format-standard","has-post-thumbnail","hentry","category-reuniones"],"_links":{"self":[{"href":"http:\/\/canacoservyturpiedrasnegras.com\/index.php?rest_route=\/wp\/v2\/posts\/1567","targetHints":{"allow":["GET"]}}],"collection":[{"href":"http:\/\/canacoservyturpiedrasnegras.com\/index.php?rest_route=\/wp\/v2\/posts"}],"about":[{"href":"http:\/\/canacoservyturpiedrasnegras.com\/index.php?rest_route=\/wp\/v2\/types\/post"}],"author":[{"embeddable":true,"href":"http:\/\/canacoservyturpiedrasnegras.com\/index.php?rest_route=\/wp\/v2\/users\/1"}],"replies":[{"embeddable":true,"href":"http:\/\/canacoservyturpiedrasnegras.com\/index.php?rest_route=%2Fwp%2Fv2%2Fcomments&post=1567"}],"version-history":[{"count":1,"href":"http:\/\/canacoservyturpiedrasnegras.com\/index.php?rest_route=\/wp\/v2\/posts\/1567\/revisions"}],"predecessor-version":[{"id":1572,"href":"http:\/\/canacoservyturpiedrasnegras.com\/index.php?rest_route=\/wp\/v2\/posts\/1567\/revisions\/1572"}],"wp:featuredmedia":[{"embeddable":true,"href":"http:\/\/canacoservyturpiedrasnegras.com\/index.php?rest_route=\/wp\/v2\/media\/1568"}],"wp:attachment":[{"href":"http:\/\/canacoservyturpiedrasnegras.com\/index.php?rest_route=%2Fwp%2Fv2%2Fmedia&parent=1567"}],"wp:term":[{"taxonomy":"category","embeddable":true,"href":"http:\/\/canacoservyturpiedrasnegras.com\/index.php?rest_route=%2Fwp%2Fv2%2Fcategories&post=1567"},{"taxonomy":"post_tag","embeddable":true,"href":"http:\/\/canacoservyturpiedrasnegras.com\/index.php?rest_route=%2Fwp%2Fv2%2Ftags&post=1567"}],"curies":[{"name":"wp","href":"https:\/\/api.w.org\/{rel}","templated":true}]}}