{"id":1573,"date":"2024-07-20T18:06:49","date_gmt":"2024-07-20T18:06:49","guid":{"rendered":"http:\/\/canacoservyturpiedrasnegras.com\/?p=1573"},"modified":"2024-07-20T18:06:49","modified_gmt":"2024-07-20T18:06:49","slug":"reconocimiento-por-parte-del-instituto-nacional-electoral","status":"publish","type":"post","link":"http:\/\/canacoservyturpiedrasnegras.com\/?p=1573","title":{"rendered":"Reconocimiento por parte del Instituto Nacional Electoral"},"content":{"rendered":"\n<p><span style=\"font-family: inherit; background-color: rgb(255, 255, 255); color: rgb(5, 5, 5); font-size: 15px;\">En representaci\u00f3n de la Canaco Servytur Piedras Negras el Presidente Lic. H\u00e9ctor Javier Rodr\u00edguez L\u00f3pez recibi\u00f3 un reconocimiento por parte del Instituto Nacional Electoral por haber participado en la convocatoria de Promoci\u00f3n de la Participaci\u00f3n Ciudadana en el Proceso Electoral Concurrente 2023-2024, dando un mensaje a los asistentes respecto a la participaci\u00f3n activa que tuvo la C\u00e1mara de Comercio en nuestra ciudad.<\/span><div class=\"x11i5rnm xat24cr x1mh8g0r x1vvkbs xtlvy1s x126k92a\" style=\"margin: 0.5em 0px 0px; overflow-wrap: break-word; font-family: &quot;Segoe UI Historic&quot;, &quot;Segoe UI&quot;, Helvetica, Arial, sans-serif; color: rgb(5, 5, 5); font-size: 15px; background-color: rgb(255, 255, 255);\"><\/div><div><span style=\"font-family: inherit; background-color: rgb(255, 255, 255); color: rgb(5, 5, 5); font-size: 15px;\"><\/span><\/div><\/p>\n\n\n\n<figure class=\"wp-block-gallery has-nested-images columns-default is-cropped wp-block-gallery-1 is-layout-flex wp-block-gallery-is-layout-flex\">\n<figure class=\"wp-block-image size-large\"><img loading=\"lazy\" decoding=\"async\" width=\"887\" height=\"496\" data-id=\"1576\" src=\"http:\/\/canacoservyturpiedrasnegras.com\/wp-content\/uploads\/2024\/07\/INE-3.png\" alt=\"\" class=\"wp-image-1576\" srcset=\"http:\/\/canacoservyturpiedrasnegras.com\/wp-content\/uploads\/2024\/07\/INE-3.png 887w, http:\/\/canacoservyturpiedrasnegras.com\/wp-content\/uploads\/2024\/07\/INE-3-300x168.png 300w, http:\/\/canacoservyturpiedrasnegras.com\/wp-content\/uploads\/2024\/07\/INE-3-768x429.png 768w\" sizes=\"auto, (max-width: 887px) 100vw, 887px\" \/><\/figure>\n\n\n\n<figure class=\"wp-block-image size-large\"><img loading=\"lazy\" decoding=\"async\" width=\"887\" height=\"496\" data-id=\"1574\" src=\"http:\/\/canacoservyturpiedrasnegras.com\/wp-content\/uploads\/2024\/07\/INE-2.png\" alt=\"\" class=\"wp-image-1574\" srcset=\"http:\/\/canacoservyturpiedrasnegras.com\/wp-content\/uploads\/2024\/07\/INE-2.png 887w, http:\/\/canacoservyturpiedrasnegras.com\/wp-content\/uploads\/2024\/07\/INE-2-300x168.png 300w, http:\/\/canacoservyturpiedrasnegras.com\/wp-content\/uploads\/2024\/07\/INE-2-768x429.png 768w\" sizes=\"auto, (max-width: 887px) 100vw, 887px\" \/><\/figure>\n\n\n\n<figure class=\"wp-block-image size-large\"><img loading=\"lazy\" decoding=\"async\" width=\"887\" height=\"496\" data-id=\"1575\" src=\"http:\/\/canacoservyturpiedrasnegras.com\/wp-content\/uploads\/2024\/07\/INE-1.png\" alt=\"\" class=\"wp-image-1575\" srcset=\"http:\/\/canacoservyturpiedrasnegras.com\/wp-content\/uploads\/2024\/07\/INE-1.png 887w, http:\/\/canacoservyturpiedrasnegras.com\/wp-content\/uploads\/2024\/07\/INE-1-300x168.png 300w, http:\/\/canacoservyturpiedrasnegras.com\/wp-content\/uploads\/2024\/07\/INE-1-768x429.png 768w\" sizes=\"auto, (max-width: 887px) 100vw, 887px\" \/><\/figure>\n\n\n<\/figure>\n","protected":false},"excerpt":{"rendered":"<p>En representaci\u00f3n de la Canaco Servytur Piedras Negras el Presidente Lic. H\u00e9ctor Javier Rodr\u00edguez L\u00f3pez recibi\u00f3 un reconocimiento por parte del Instituto Nacional Electoral por haber participado en la convocatoria de Promoci\u00f3n de la Participaci\u00f3n Ciudadana en el Proceso Electoral Concurrente 2023-2024, dando un mensaje a los asistentes respecto a la participaci\u00f3n activa que tuvo&#8230;<\/p>\n","protected":false},"author":1,"featured_media":1575,"comment_status":"open","ping_status":"open","sticky":false,"template":"","format":"standard","meta":{"_EventAllDay":false,"_EventTimezone":"","_EventStartDate":"","_EventEndDate":"","_EventStartDateUTC":"","_EventEndDateUTC":"","_EventShowMap":false,"_EventShowMapLink":false,"_EventURL":"","_EventCost":"","_EventCostDescription":"","_EventCurrencySymbol":"","_EventCurrencyCode":"","_EventCurrencyPosition":"","_EventDateTimeSeparator":"","_EventTimeRangeSeparator":"","_EventOrganizerID":[],"_EventVenueID":[],"_OrganizerEmail":"","_OrganizerPhone":"","_OrganizerWebsite":"","_VenueAddress":"","_VenueCity":"","_VenueCountry":"","_VenueProvince":"","_VenueState":"","_VenueZip":"","_VenuePhone":"","_VenueURL":"","_VenueStateProvince":"","_VenueLat":"","_VenueLng":"","_VenueShowMap":false,"_VenueShowMapLink":false,"_kadence_starter_templates_imported_post":false,"_kad_post_transparent":"","_kad_post_title":"","_kad_post_layout":"","_kad_post_sidebar_id":"","_kad_post_content_style":"","_kad_post_vertical_padding":"","_kad_post_feature":"","_kad_post_feature_position":"","_kad_post_header":false,"_kad_post_footer":false,"footnotes":""},"categories":[2],"tags":[],"class_list":["post-1573","post","type-post","status-publish","format-standard","has-post-thumbnail","hentry","category-eventos"],"_links":{"self":[{"href":"http:\/\/canacoservyturpiedrasnegras.com\/index.php?rest_route=\/wp\/v2\/posts\/1573","targetHints":{"allow":["GET"]}}],"collection":[{"href":"http:\/\/canacoservyturpiedrasnegras.com\/index.php?rest_route=\/wp\/v2\/posts"}],"about":[{"href":"http:\/\/canacoservyturpiedrasnegras.com\/index.php?rest_route=\/wp\/v2\/types\/post"}],"author":[{"embeddable":true,"href":"http:\/\/canacoservyturpiedrasnegras.com\/index.php?rest_route=\/wp\/v2\/users\/1"}],"replies":[{"embeddable":true,"href":"http:\/\/canacoservyturpiedrasnegras.com\/index.php?rest_route=%2Fwp%2Fv2%2Fcomments&post=1573"}],"version-history":[{"count":1,"href":"http:\/\/canacoservyturpiedrasnegras.com\/index.php?rest_route=\/wp\/v2\/posts\/1573\/revisions"}],"predecessor-version":[{"id":1577,"href":"http:\/\/canacoservyturpiedrasnegras.com\/index.php?rest_route=\/wp\/v2\/posts\/1573\/revisions\/1577"}],"wp:featuredmedia":[{"embeddable":true,"href":"http:\/\/canacoservyturpiedrasnegras.com\/index.php?rest_route=\/wp\/v2\/media\/1575"}],"wp:attachment":[{"href":"http:\/\/canacoservyturpiedrasnegras.com\/index.php?rest_route=%2Fwp%2Fv2%2Fmedia&parent=1573"}],"wp:term":[{"taxonomy":"category","embeddable":true,"href":"http:\/\/canacoservyturpiedrasnegras.com\/index.php?rest_route=%2Fwp%2Fv2%2Fcategories&post=1573"},{"taxonomy":"post_tag","embeddable":true,"href":"http:\/\/canacoservyturpiedrasnegras.com\/index.php?rest_route=%2Fwp%2Fv2%2Ftags&post=1573"}],"curies":[{"name":"wp","href":"https:\/\/api.w.org\/{rel}","templated":true}]}}