{"id":1578,"date":"2024-07-20T18:10:14","date_gmt":"2024-07-20T18:10:14","guid":{"rendered":"http:\/\/canacoservyturpiedrasnegras.com\/?p=1578"},"modified":"2024-07-20T18:10:14","modified_gmt":"2024-07-20T18:10:14","slug":"reunion-de-fecadeco-2","status":"publish","type":"post","link":"http:\/\/canacoservyturpiedrasnegras.com\/?p=1578","title":{"rendered":"Reuni\u00f3n de FECADECO"},"content":{"rendered":"\n<p><span style=\"color: rgb(5, 5, 5); font-family: &quot;Segoe UI Historic&quot;, &quot;Segoe UI&quot;, Helvetica, Arial, sans-serif; font-size: 15px; background-color: rgb(255, 255, 255);\">En la ciudad de Nueva Rosita, Coahuila el Lic. H\u00e9ctor Javier Rodr\u00edguez L\u00f3pez Presidente de Canaco Servytur Piedras Negras y Coordinador de FECADECO del Estado de Coahuila de Zaragoza encabez\u00f3 la reuni\u00f3n correspondiente al mes de julio realizada en las instalaciones de Canaco Servytur Nueva Rosita donde asistieron los Presidentes de las diferentes C\u00e1maras de Comercio del Estado, en la reuni\u00f3n se abordaron diferentes temas como la competencia desleal que representan los <\/span><span class=\"html-span xdj266r x11i5rnm xat24cr x1mh8g0r xexx8yu x4uap5 x18d9i69 xkhd6sd x1hl2dhg x16tdsg8 x1vvkbs\" style=\"margin: 0px; overflow-wrap: break-word; padding: 0px; font-family: &quot;Segoe UI Historic&quot;, &quot;Segoe UI&quot;, Helvetica, Arial, sans-serif; color: rgb(5, 5, 5); font-size: 15px; background-color: rgb(255, 255, 255);\"><a tabindex=\"-1\" class=\"html-a xdj266r x11i5rnm xat24cr x1mh8g0r xexx8yu x4uap5 x18d9i69 xkhd6sd x1hl2dhg x16tdsg8 x1vvkbs\" style=\"color: rgb(56, 88, 152); cursor: pointer; margin: 0px; text-align: inherit; overflow-wrap: break-word; padding: 0px; font-family: inherit;\"><\/a><\/span><span style=\"color: rgb(5, 5, 5); font-family: &quot;Segoe UI Historic&quot;, &quot;Segoe UI&quot;, Helvetica, Arial, sans-serif; font-size: 15px; background-color: rgb(255, 255, 255);\">productos asi\u00e1ticos de dudosa procedencia donde muchos de estos establecimientos operan en la informalidad, as\u00ed como otros temas de relevancia de nuestra entidad, donde se lograron acuerdos y propuestas que se presentar\u00e1n en la pr\u00f3xima reuni\u00f3n regional en la ciudad de Monterrey con la participaci\u00f3n de los Estados de Nuevo Le\u00f3n, Coahuila y Tamaulipas, para exponer estos temas y situaciones que est\u00e1n afectando al comercio y los sectores que representamos en nuestra entidad, para buscar soluciones conjuntas a los retos que enfrenta el comercio en Coahuila, reafirmando el compromiso con el fortalecimiento del sector.<\/span><\/p>\n\n\n\n<figure class=\"wp-block-gallery has-nested-images columns-default is-cropped wp-block-gallery-1 is-layout-flex wp-block-gallery-is-layout-flex\">\n<figure class=\"wp-block-image size-large\"><img loading=\"lazy\" decoding=\"async\" width=\"1024\" height=\"576\" data-id=\"1579\" src=\"http:\/\/canacoservyturpiedrasnegras.com\/wp-content\/uploads\/2024\/07\/reunion-fecadeco-1024x576.jpg\" alt=\"\" class=\"wp-image-1579\" srcset=\"http:\/\/canacoservyturpiedrasnegras.com\/wp-content\/uploads\/2024\/07\/reunion-fecadeco-1024x576.jpg 1024w, http:\/\/canacoservyturpiedrasnegras.com\/wp-content\/uploads\/2024\/07\/reunion-fecadeco-300x169.jpg 300w, http:\/\/canacoservyturpiedrasnegras.com\/wp-content\/uploads\/2024\/07\/reunion-fecadeco-768x432.jpg 768w, http:\/\/canacoservyturpiedrasnegras.com\/wp-content\/uploads\/2024\/07\/reunion-fecadeco-1536x864.jpg 1536w, http:\/\/canacoservyturpiedrasnegras.com\/wp-content\/uploads\/2024\/07\/reunion-fecadeco.jpg 1600w\" sizes=\"auto, (max-width: 1024px) 100vw, 1024px\" \/><\/figure>\n\n\n\n<figure class=\"wp-block-image size-large\"><img loading=\"lazy\" decoding=\"async\" width=\"1024\" height=\"576\" data-id=\"1580\" src=\"http:\/\/canacoservyturpiedrasnegras.com\/wp-content\/uploads\/2024\/07\/reunion-fecadeco1-1024x576.jpg\" alt=\"\" class=\"wp-image-1580\" srcset=\"http:\/\/canacoservyturpiedrasnegras.com\/wp-content\/uploads\/2024\/07\/reunion-fecadeco1-1024x576.jpg 1024w, http:\/\/canacoservyturpiedrasnegras.com\/wp-content\/uploads\/2024\/07\/reunion-fecadeco1-300x169.jpg 300w, http:\/\/canacoservyturpiedrasnegras.com\/wp-content\/uploads\/2024\/07\/reunion-fecadeco1-768x432.jpg 768w, http:\/\/canacoservyturpiedrasnegras.com\/wp-content\/uploads\/2024\/07\/reunion-fecadeco1-1536x864.jpg 1536w, http:\/\/canacoservyturpiedrasnegras.com\/wp-content\/uploads\/2024\/07\/reunion-fecadeco1.jpg 1600w\" sizes=\"auto, (max-width: 1024px) 100vw, 1024px\" \/><\/figure>\n\n\n\n<figure class=\"wp-block-image size-large\"><img loading=\"lazy\" decoding=\"async\" width=\"1024\" height=\"576\" data-id=\"1581\" src=\"http:\/\/canacoservyturpiedrasnegras.com\/wp-content\/uploads\/2024\/07\/reunion-fecadeco2-1024x576.jpg\" alt=\"\" class=\"wp-image-1581\" srcset=\"http:\/\/canacoservyturpiedrasnegras.com\/wp-content\/uploads\/2024\/07\/reunion-fecadeco2-1024x576.jpg 1024w, http:\/\/canacoservyturpiedrasnegras.com\/wp-content\/uploads\/2024\/07\/reunion-fecadeco2-300x169.jpg 300w, http:\/\/canacoservyturpiedrasnegras.com\/wp-content\/uploads\/2024\/07\/reunion-fecadeco2-768x432.jpg 768w, http:\/\/canacoservyturpiedrasnegras.com\/wp-content\/uploads\/2024\/07\/reunion-fecadeco2-1536x864.jpg 1536w, http:\/\/canacoservyturpiedrasnegras.com\/wp-content\/uploads\/2024\/07\/reunion-fecadeco2.jpg 1600w\" sizes=\"auto, (max-width: 1024px) 100vw, 1024px\" \/><\/figure>\n<\/figure>\n","protected":false},"excerpt":{"rendered":"<p>En la ciudad de Nueva Rosita, Coahuila el Lic. H\u00e9ctor Javier Rodr\u00edguez L\u00f3pez Presidente de Canaco Servytur Piedras Negras y Coordinador de FECADECO del Estado de Coahuila de Zaragoza encabez\u00f3 la reuni\u00f3n correspondiente al mes de julio realizada en las instalaciones de Canaco Servytur Nueva Rosita donde asistieron los Presidentes de las diferentes C\u00e1maras de&#8230;<\/p>\n","protected":false},"author":1,"featured_media":1580,"comment_status":"open","ping_status":"open","sticky":false,"template":"","format":"standard","meta":{"_EventAllDay":false,"_EventTimezone":"","_EventStartDate":"","_EventEndDate":"","_EventStartDateUTC":"","_EventEndDateUTC":"","_EventShowMap":false,"_EventShowMapLink":false,"_EventURL":"","_EventCost":"","_EventCostDescription":"","_EventCurrencySymbol":"","_EventCurrencyCode":"","_EventCurrencyPosition":"","_EventDateTimeSeparator":"","_EventTimeRangeSeparator":"","_EventOrganizerID":[],"_EventVenueID":[],"_OrganizerEmail":"","_OrganizerPhone":"","_OrganizerWebsite":"","_VenueAddress":"","_VenueCity":"","_VenueCountry":"","_VenueProvince":"","_VenueState":"","_VenueZip":"","_VenuePhone":"","_VenueURL":"","_VenueStateProvince":"","_VenueLat":"","_VenueLng":"","_VenueShowMap":false,"_VenueShowMapLink":false,"_kadence_starter_templates_imported_post":false,"_kad_post_transparent":"","_kad_post_title":"","_kad_post_layout":"","_kad_post_sidebar_id":"","_kad_post_content_style":"","_kad_post_vertical_padding":"","_kad_post_feature":"","_kad_post_feature_position":"","_kad_post_header":false,"_kad_post_footer":false,"footnotes":""},"categories":[8],"tags":[],"class_list":["post-1578","post","type-post","status-publish","format-standard","has-post-thumbnail","hentry","category-reuniones"],"_links":{"self":[{"href":"http:\/\/canacoservyturpiedrasnegras.com\/index.php?rest_route=\/wp\/v2\/posts\/1578","targetHints":{"allow":["GET"]}}],"collection":[{"href":"http:\/\/canacoservyturpiedrasnegras.com\/index.php?rest_route=\/wp\/v2\/posts"}],"about":[{"href":"http:\/\/canacoservyturpiedrasnegras.com\/index.php?rest_route=\/wp\/v2\/types\/post"}],"author":[{"embeddable":true,"href":"http:\/\/canacoservyturpiedrasnegras.com\/index.php?rest_route=\/wp\/v2\/users\/1"}],"replies":[{"embeddable":true,"href":"http:\/\/canacoservyturpiedrasnegras.com\/index.php?rest_route=%2Fwp%2Fv2%2Fcomments&post=1578"}],"version-history":[{"count":1,"href":"http:\/\/canacoservyturpiedrasnegras.com\/index.php?rest_route=\/wp\/v2\/posts\/1578\/revisions"}],"predecessor-version":[{"id":1582,"href":"http:\/\/canacoservyturpiedrasnegras.com\/index.php?rest_route=\/wp\/v2\/posts\/1578\/revisions\/1582"}],"wp:featuredmedia":[{"embeddable":true,"href":"http:\/\/canacoservyturpiedrasnegras.com\/index.php?rest_route=\/wp\/v2\/media\/1580"}],"wp:attachment":[{"href":"http:\/\/canacoservyturpiedrasnegras.com\/index.php?rest_route=%2Fwp%2Fv2%2Fmedia&parent=1578"}],"wp:term":[{"taxonomy":"category","embeddable":true,"href":"http:\/\/canacoservyturpiedrasnegras.com\/index.php?rest_route=%2Fwp%2Fv2%2Fcategories&post=1578"},{"taxonomy":"post_tag","embeddable":true,"href":"http:\/\/canacoservyturpiedrasnegras.com\/index.php?rest_route=%2Fwp%2Fv2%2Ftags&post=1578"}],"curies":[{"name":"wp","href":"https:\/\/api.w.org\/{rel}","templated":true}]}}