{"id":1583,"date":"2024-07-23T14:45:18","date_gmt":"2024-07-23T14:45:18","guid":{"rendered":"http:\/\/canacoservyturpiedrasnegras.com\/?p=1583"},"modified":"2024-07-23T14:45:18","modified_gmt":"2024-07-23T14:45:18","slug":"ceremonia-de-toma-de-posesion-de-cargo-y-protesta-de-bandera","status":"publish","type":"post","link":"http:\/\/canacoservyturpiedrasnegras.com\/?p=1583","title":{"rendered":"Ceremonia de Toma de Posesi\u00f3n de Cargo y Protesta de Bandera"},"content":{"rendered":"\n<p>El presidente Lic. H\u00e9ctor Javier Rodr\u00edguez L\u00f3pez asisti\u00f3 a la \u00abCeremonia de Toma de Posesi\u00f3n de Cargo y Protesta de Bandera\u00bb del C. General de Brigada D.E.M. Jos\u00e9 Luis Cruz Aguilar de la 47 Zona Militar deseando todo el \u00e9xito en su nueva encomienda.<\/p>\n\n\n\n<figure class=\"wp-block-image size-large\"><img loading=\"lazy\" decoding=\"async\" width=\"1003\" height=\"1024\" src=\"http:\/\/canacoservyturpiedrasnegras.com\/wp-content\/uploads\/2024\/07\/reunion-22-07-1003x1024.jpg\" alt=\"\" class=\"wp-image-1584\" srcset=\"http:\/\/canacoservyturpiedrasnegras.com\/wp-content\/uploads\/2024\/07\/reunion-22-07-1003x1024.jpg 1003w, http:\/\/canacoservyturpiedrasnegras.com\/wp-content\/uploads\/2024\/07\/reunion-22-07-294x300.jpg 294w, http:\/\/canacoservyturpiedrasnegras.com\/wp-content\/uploads\/2024\/07\/reunion-22-07-768x784.jpg 768w, http:\/\/canacoservyturpiedrasnegras.com\/wp-content\/uploads\/2024\/07\/reunion-22-07.jpg 1191w\" sizes=\"auto, (max-width: 1003px) 100vw, 1003px\" \/><\/figure>\n","protected":false},"excerpt":{"rendered":"<p>El presidente Lic. H\u00e9ctor Javier Rodr\u00edguez L\u00f3pez asisti\u00f3 a la \u00abCeremonia de Toma de Posesi\u00f3n de Cargo y Protesta de Bandera\u00bb del C. General de Brigada D.E.M. Jos\u00e9 Luis Cruz Aguilar de la 47 Zona Militar deseando todo el \u00e9xito en su nueva encomienda.<\/p>\n","protected":false},"author":1,"featured_media":0,"comment_status":"open","ping_status":"open","sticky":false,"template":"","format":"standard","meta":{"_EventAllDay":false,"_EventTimezone":"","_EventStartDate":"","_EventEndDate":"","_EventStartDateUTC":"","_EventEndDateUTC":"","_EventShowMap":false,"_EventShowMapLink":false,"_EventURL":"","_EventCost":"","_EventCostDescription":"","_EventCurrencySymbol":"","_EventCurrencyCode":"","_EventCurrencyPosition":"","_EventDateTimeSeparator":"","_EventTimeRangeSeparator":"","_EventOrganizerID":[],"_EventVenueID":[],"_OrganizerEmail":"","_OrganizerPhone":"","_OrganizerWebsite":"","_VenueAddress":"","_VenueCity":"","_VenueCountry":"","_VenueProvince":"","_VenueState":"","_VenueZip":"","_VenuePhone":"","_VenueURL":"","_VenueStateProvince":"","_VenueLat":"","_VenueLng":"","_VenueShowMap":false,"_VenueShowMapLink":false,"_kadence_starter_templates_imported_post":false,"_kad_post_transparent":"","_kad_post_title":"","_kad_post_layout":"","_kad_post_sidebar_id":"","_kad_post_content_style":"","_kad_post_vertical_padding":"","_kad_post_feature":"","_kad_post_feature_position":"","_kad_post_header":false,"_kad_post_footer":false,"footnotes":""},"categories":[2],"tags":[],"class_list":["post-1583","post","type-post","status-publish","format-standard","hentry","category-eventos"],"_links":{"self":[{"href":"http:\/\/canacoservyturpiedrasnegras.com\/index.php?rest_route=\/wp\/v2\/posts\/1583","targetHints":{"allow":["GET"]}}],"collection":[{"href":"http:\/\/canacoservyturpiedrasnegras.com\/index.php?rest_route=\/wp\/v2\/posts"}],"about":[{"href":"http:\/\/canacoservyturpiedrasnegras.com\/index.php?rest_route=\/wp\/v2\/types\/post"}],"author":[{"embeddable":true,"href":"http:\/\/canacoservyturpiedrasnegras.com\/index.php?rest_route=\/wp\/v2\/users\/1"}],"replies":[{"embeddable":true,"href":"http:\/\/canacoservyturpiedrasnegras.com\/index.php?rest_route=%2Fwp%2Fv2%2Fcomments&post=1583"}],"version-history":[{"count":1,"href":"http:\/\/canacoservyturpiedrasnegras.com\/index.php?rest_route=\/wp\/v2\/posts\/1583\/revisions"}],"predecessor-version":[{"id":1585,"href":"http:\/\/canacoservyturpiedrasnegras.com\/index.php?rest_route=\/wp\/v2\/posts\/1583\/revisions\/1585"}],"wp:attachment":[{"href":"http:\/\/canacoservyturpiedrasnegras.com\/index.php?rest_route=%2Fwp%2Fv2%2Fmedia&parent=1583"}],"wp:term":[{"taxonomy":"category","embeddable":true,"href":"http:\/\/canacoservyturpiedrasnegras.com\/index.php?rest_route=%2Fwp%2Fv2%2Fcategories&post=1583"},{"taxonomy":"post_tag","embeddable":true,"href":"http:\/\/canacoservyturpiedrasnegras.com\/index.php?rest_route=%2Fwp%2Fv2%2Ftags&post=1583"}],"curies":[{"name":"wp","href":"https:\/\/api.w.org\/{rel}","templated":true}]}}