{"id":1587,"date":"2024-07-26T18:05:25","date_gmt":"2024-07-26T18:05:25","guid":{"rendered":"http:\/\/canacoservyturpiedrasnegras.com\/?p=1587"},"modified":"2024-07-26T18:05:25","modified_gmt":"2024-07-26T18:05:25","slug":"reunion-regional-zona-noroeste-con-la-concanaco-servytur","status":"publish","type":"post","link":"http:\/\/canacoservyturpiedrasnegras.com\/?p=1587","title":{"rendered":"Reuni\u00f3n Regional Zona Noroeste con la CONCANACO SERVYTUR"},"content":{"rendered":"\n<p>En la ciudad de Monterrey, Nuevo Le\u00f3n el Lic. H\u00e9ctor Javier Rodr\u00edguez L\u00f3pez Presidente de Canaco Servytur Piedras Negras y Coordinador de FECADECO del Estado de Coahuila de Zaragoza asisti\u00f3 a la Reuni\u00f3n Regional Zona Noroeste con la CONCANACO SERVYTUR encabezada por el presidente Octavio De la Torre y la vicepresidenta regional Catalina Dominguez y donde asistieron los Presidentes de las C\u00e1maras Confederadas de Coahuila, Nuevo Le\u00f3n y Tamaulipas.<\/p>\n\n\n\n<p>Durante la reuni\u00f3n se <a><\/a>analizaron las problem\u00e1ticas del sector comercio, servicios y turismo de la regi\u00f3n, se abordaron las posturas y propuestas que har\u00e1n las C\u00e1maras de Comercio trav\u00e9s de la Concanaco respecto al tema de la Reforma al Poder Judicial, as\u00ed como estrategias para brindar mejores beneficios para nuestros socios y reforzar el sector que representamos en cada region.<\/p>\n\n\n\n<figure class=\"wp-block-gallery has-nested-images columns-default is-cropped wp-block-gallery-1 is-layout-flex wp-block-gallery-is-layout-flex\">\n<figure class=\"wp-block-image size-large\"><img loading=\"lazy\" decoding=\"async\" width=\"962\" height=\"959\" data-id=\"1590\" src=\"http:\/\/canacoservyturpiedrasnegras.com\/wp-content\/uploads\/2024\/07\/reunion-concanaco2.jpg\" alt=\"\" class=\"wp-image-1590\" srcset=\"http:\/\/canacoservyturpiedrasnegras.com\/wp-content\/uploads\/2024\/07\/reunion-concanaco2.jpg 962w, http:\/\/canacoservyturpiedrasnegras.com\/wp-content\/uploads\/2024\/07\/reunion-concanaco2-300x300.jpg 300w, http:\/\/canacoservyturpiedrasnegras.com\/wp-content\/uploads\/2024\/07\/reunion-concanaco2-150x150.jpg 150w, http:\/\/canacoservyturpiedrasnegras.com\/wp-content\/uploads\/2024\/07\/reunion-concanaco2-768x766.jpg 768w\" sizes=\"auto, (max-width: 962px) 100vw, 962px\" \/><\/figure>\n\n\n\n<figure class=\"wp-block-image size-large\"><img loading=\"lazy\" decoding=\"async\" width=\"962\" height=\"959\" data-id=\"1589\" src=\"http:\/\/canacoservyturpiedrasnegras.com\/wp-content\/uploads\/2024\/07\/reunion-concanaco1.jpg\" alt=\"\" class=\"wp-image-1589\" srcset=\"http:\/\/canacoservyturpiedrasnegras.com\/wp-content\/uploads\/2024\/07\/reunion-concanaco1.jpg 962w, http:\/\/canacoservyturpiedrasnegras.com\/wp-content\/uploads\/2024\/07\/reunion-concanaco1-300x300.jpg 300w, http:\/\/canacoservyturpiedrasnegras.com\/wp-content\/uploads\/2024\/07\/reunion-concanaco1-150x150.jpg 150w, http:\/\/canacoservyturpiedrasnegras.com\/wp-content\/uploads\/2024\/07\/reunion-concanaco1-768x766.jpg 768w\" sizes=\"auto, (max-width: 962px) 100vw, 962px\" \/><\/figure>\n\n\n\n<figure class=\"wp-block-image size-large\"><img loading=\"lazy\" decoding=\"async\" width=\"962\" height=\"959\" data-id=\"1588\" src=\"http:\/\/canacoservyturpiedrasnegras.com\/wp-content\/uploads\/2024\/07\/reunion-concanaco.jpg\" alt=\"\" class=\"wp-image-1588\" srcset=\"http:\/\/canacoservyturpiedrasnegras.com\/wp-content\/uploads\/2024\/07\/reunion-concanaco.jpg 962w, http:\/\/canacoservyturpiedrasnegras.com\/wp-content\/uploads\/2024\/07\/reunion-concanaco-300x300.jpg 300w, http:\/\/canacoservyturpiedrasnegras.com\/wp-content\/uploads\/2024\/07\/reunion-concanaco-150x150.jpg 150w, http:\/\/canacoservyturpiedrasnegras.com\/wp-content\/uploads\/2024\/07\/reunion-concanaco-768x766.jpg 768w\" sizes=\"auto, (max-width: 962px) 100vw, 962px\" \/><\/figure>\n\n\n\n<figure class=\"wp-block-image size-large\"><img loading=\"lazy\" decoding=\"async\" width=\"962\" height=\"959\" data-id=\"1591\" src=\"http:\/\/canacoservyturpiedrasnegras.com\/wp-content\/uploads\/2024\/07\/reunion-concanaco3.png\" alt=\"\" class=\"wp-image-1591\" srcset=\"http:\/\/canacoservyturpiedrasnegras.com\/wp-content\/uploads\/2024\/07\/reunion-concanaco3.png 962w, http:\/\/canacoservyturpiedrasnegras.com\/wp-content\/uploads\/2024\/07\/reunion-concanaco3-300x300.png 300w, http:\/\/canacoservyturpiedrasnegras.com\/wp-content\/uploads\/2024\/07\/reunion-concanaco3-150x150.png 150w, http:\/\/canacoservyturpiedrasnegras.com\/wp-content\/uploads\/2024\/07\/reunion-concanaco3-768x766.png 768w\" sizes=\"auto, (max-width: 962px) 100vw, 962px\" \/><\/figure>\n\n\n\n<figure class=\"wp-block-image size-large\"><img loading=\"lazy\" decoding=\"async\" width=\"962\" height=\"959\" data-id=\"1592\" src=\"http:\/\/canacoservyturpiedrasnegras.com\/wp-content\/uploads\/2024\/07\/reunion-concanaco4.png\" alt=\"\" class=\"wp-image-1592\" srcset=\"http:\/\/canacoservyturpiedrasnegras.com\/wp-content\/uploads\/2024\/07\/reunion-concanaco4.png 962w, http:\/\/canacoservyturpiedrasnegras.com\/wp-content\/uploads\/2024\/07\/reunion-concanaco4-300x300.png 300w, http:\/\/canacoservyturpiedrasnegras.com\/wp-content\/uploads\/2024\/07\/reunion-concanaco4-150x150.png 150w, http:\/\/canacoservyturpiedrasnegras.com\/wp-content\/uploads\/2024\/07\/reunion-concanaco4-768x766.png 768w\" sizes=\"auto, (max-width: 962px) 100vw, 962px\" \/><\/figure>\n\n\n\n<figure class=\"wp-block-image size-large\"><img loading=\"lazy\" decoding=\"async\" width=\"962\" height=\"959\" data-id=\"1593\" src=\"http:\/\/canacoservyturpiedrasnegras.com\/wp-content\/uploads\/2024\/07\/reunion-concanaco5.png\" alt=\"\" class=\"wp-image-1593\" srcset=\"http:\/\/canacoservyturpiedrasnegras.com\/wp-content\/uploads\/2024\/07\/reunion-concanaco5.png 962w, http:\/\/canacoservyturpiedrasnegras.com\/wp-content\/uploads\/2024\/07\/reunion-concanaco5-300x300.png 300w, http:\/\/canacoservyturpiedrasnegras.com\/wp-content\/uploads\/2024\/07\/reunion-concanaco5-150x150.png 150w, http:\/\/canacoservyturpiedrasnegras.com\/wp-content\/uploads\/2024\/07\/reunion-concanaco5-768x766.png 768w\" sizes=\"auto, (max-width: 962px) 100vw, 962px\" \/><\/figure>\n\n\n\n<figure class=\"wp-block-image size-large\"><img loading=\"lazy\" decoding=\"async\" width=\"962\" height=\"959\" data-id=\"1594\" src=\"http:\/\/canacoservyturpiedrasnegras.com\/wp-content\/uploads\/2024\/07\/reunion-concanaco6.png\" alt=\"\" class=\"wp-image-1594\" srcset=\"http:\/\/canacoservyturpiedrasnegras.com\/wp-content\/uploads\/2024\/07\/reunion-concanaco6.png 962w, http:\/\/canacoservyturpiedrasnegras.com\/wp-content\/uploads\/2024\/07\/reunion-concanaco6-300x300.png 300w, http:\/\/canacoservyturpiedrasnegras.com\/wp-content\/uploads\/2024\/07\/reunion-concanaco6-150x150.png 150w, http:\/\/canacoservyturpiedrasnegras.com\/wp-content\/uploads\/2024\/07\/reunion-concanaco6-768x766.png 768w\" sizes=\"auto, (max-width: 962px) 100vw, 962px\" \/><\/figure>\n<\/figure>\n","protected":false},"excerpt":{"rendered":"<p>En la ciudad de Monterrey, Nuevo Le\u00f3n el Lic. H\u00e9ctor Javier Rodr\u00edguez L\u00f3pez Presidente de Canaco Servytur Piedras Negras y Coordinador de FECADECO del Estado de Coahuila de Zaragoza asisti\u00f3 a la Reuni\u00f3n Regional Zona Noroeste con la CONCANACO SERVYTUR encabezada por el presidente Octavio De la Torre y la vicepresidenta regional Catalina Dominguez y&#8230;<\/p>\n","protected":false},"author":1,"featured_media":1593,"comment_status":"open","ping_status":"open","sticky":false,"template":"","format":"standard","meta":{"_EventAllDay":false,"_EventTimezone":"","_EventStartDate":"","_EventEndDate":"","_EventStartDateUTC":"","_EventEndDateUTC":"","_EventShowMap":false,"_EventShowMapLink":false,"_EventURL":"","_EventCost":"","_EventCostDescription":"","_EventCurrencySymbol":"","_EventCurrencyCode":"","_EventCurrencyPosition":"","_EventDateTimeSeparator":"","_EventTimeRangeSeparator":"","_EventOrganizerID":[],"_EventVenueID":[],"_OrganizerEmail":"","_OrganizerPhone":"","_OrganizerWebsite":"","_VenueAddress":"","_VenueCity":"","_VenueCountry":"","_VenueProvince":"","_VenueState":"","_VenueZip":"","_VenuePhone":"","_VenueURL":"","_VenueStateProvince":"","_VenueLat":"","_VenueLng":"","_VenueShowMap":false,"_VenueShowMapLink":false,"_kadence_starter_templates_imported_post":false,"_kad_post_transparent":"","_kad_post_title":"","_kad_post_layout":"","_kad_post_sidebar_id":"","_kad_post_content_style":"","_kad_post_vertical_padding":"","_kad_post_feature":"","_kad_post_feature_position":"","_kad_post_header":false,"_kad_post_footer":false,"footnotes":""},"categories":[8],"tags":[],"class_list":["post-1587","post","type-post","status-publish","format-standard","has-post-thumbnail","hentry","category-reuniones"],"_links":{"self":[{"href":"http:\/\/canacoservyturpiedrasnegras.com\/index.php?rest_route=\/wp\/v2\/posts\/1587","targetHints":{"allow":["GET"]}}],"collection":[{"href":"http:\/\/canacoservyturpiedrasnegras.com\/index.php?rest_route=\/wp\/v2\/posts"}],"about":[{"href":"http:\/\/canacoservyturpiedrasnegras.com\/index.php?rest_route=\/wp\/v2\/types\/post"}],"author":[{"embeddable":true,"href":"http:\/\/canacoservyturpiedrasnegras.com\/index.php?rest_route=\/wp\/v2\/users\/1"}],"replies":[{"embeddable":true,"href":"http:\/\/canacoservyturpiedrasnegras.com\/index.php?rest_route=%2Fwp%2Fv2%2Fcomments&post=1587"}],"version-history":[{"count":1,"href":"http:\/\/canacoservyturpiedrasnegras.com\/index.php?rest_route=\/wp\/v2\/posts\/1587\/revisions"}],"predecessor-version":[{"id":1595,"href":"http:\/\/canacoservyturpiedrasnegras.com\/index.php?rest_route=\/wp\/v2\/posts\/1587\/revisions\/1595"}],"wp:featuredmedia":[{"embeddable":true,"href":"http:\/\/canacoservyturpiedrasnegras.com\/index.php?rest_route=\/wp\/v2\/media\/1593"}],"wp:attachment":[{"href":"http:\/\/canacoservyturpiedrasnegras.com\/index.php?rest_route=%2Fwp%2Fv2%2Fmedia&parent=1587"}],"wp:term":[{"taxonomy":"category","embeddable":true,"href":"http:\/\/canacoservyturpiedrasnegras.com\/index.php?rest_route=%2Fwp%2Fv2%2Fcategories&post=1587"},{"taxonomy":"post_tag","embeddable":true,"href":"http:\/\/canacoservyturpiedrasnegras.com\/index.php?rest_route=%2Fwp%2Fv2%2Ftags&post=1587"}],"curies":[{"name":"wp","href":"https:\/\/api.w.org\/{rel}","templated":true}]}}