{"id":1598,"date":"2024-08-05T19:44:04","date_gmt":"2024-08-05T19:44:04","guid":{"rendered":"http:\/\/canacoservyturpiedrasnegras.com\/?p=1598"},"modified":"2024-08-05T19:44:04","modified_gmt":"2024-08-05T19:44:04","slug":"reunion-con-personal-directivo-de-la-universidad-interamericana-del-bravo","status":"publish","type":"post","link":"http:\/\/canacoservyturpiedrasnegras.com\/?p=1598","title":{"rendered":"Reuni\u00f3n con personal directivo de la Universidad Interamericana del Bravo"},"content":{"rendered":"\n<p>El Presidente Lic. H\u00e9ctor Javier Rodr\u00edguez L\u00f3pez sostuvo una reuni\u00f3n con personal directivo de la Universidad Interamericana del Bravo (UNIB) en la cual les imparti\u00f3 una pl\u00e1tica de habilidades gerenciales y manejo de recursos humanos, donde tambi\u00e9n se acord\u00f3 estrechar lazos entre el sector productivo y sector educativo.<\/p>\n\n\n\n<figure class=\"wp-block-gallery has-nested-images columns-default is-cropped wp-block-gallery-1 is-layout-flex wp-block-gallery-is-layout-flex\">\n<figure class=\"wp-block-image size-large\"><img loading=\"lazy\" decoding=\"async\" width=\"962\" height=\"959\" data-id=\"1599\" src=\"http:\/\/canacoservyturpiedrasnegras.com\/wp-content\/uploads\/2024\/08\/INB.png\" alt=\"\" class=\"wp-image-1599\" srcset=\"http:\/\/canacoservyturpiedrasnegras.com\/wp-content\/uploads\/2024\/08\/INB.png 962w, http:\/\/canacoservyturpiedrasnegras.com\/wp-content\/uploads\/2024\/08\/INB-300x300.png 300w, http:\/\/canacoservyturpiedrasnegras.com\/wp-content\/uploads\/2024\/08\/INB-150x150.png 150w, http:\/\/canacoservyturpiedrasnegras.com\/wp-content\/uploads\/2024\/08\/INB-768x766.png 768w\" sizes=\"auto, (max-width: 962px) 100vw, 962px\" \/><\/figure>\n\n\n\n<figure class=\"wp-block-image size-large\"><img loading=\"lazy\" decoding=\"async\" width=\"962\" height=\"959\" data-id=\"1600\" src=\"http:\/\/canacoservyturpiedrasnegras.com\/wp-content\/uploads\/2024\/08\/INB1.png\" alt=\"\" class=\"wp-image-1600\" srcset=\"http:\/\/canacoservyturpiedrasnegras.com\/wp-content\/uploads\/2024\/08\/INB1.png 962w, http:\/\/canacoservyturpiedrasnegras.com\/wp-content\/uploads\/2024\/08\/INB1-300x300.png 300w, http:\/\/canacoservyturpiedrasnegras.com\/wp-content\/uploads\/2024\/08\/INB1-150x150.png 150w, http:\/\/canacoservyturpiedrasnegras.com\/wp-content\/uploads\/2024\/08\/INB1-768x766.png 768w\" sizes=\"auto, (max-width: 962px) 100vw, 962px\" \/><\/figure>\n<\/figure>\n","protected":false},"excerpt":{"rendered":"<p>El Presidente Lic. H\u00e9ctor Javier Rodr\u00edguez L\u00f3pez sostuvo una reuni\u00f3n con personal directivo de la Universidad Interamericana del Bravo (UNIB) en la cual les imparti\u00f3 una pl\u00e1tica de habilidades gerenciales y manejo de recursos humanos, donde tambi\u00e9n se acord\u00f3 estrechar lazos entre el sector productivo y sector educativo.<\/p>\n","protected":false},"author":1,"featured_media":1600,"comment_status":"open","ping_status":"open","sticky":false,"template":"","format":"standard","meta":{"_EventAllDay":false,"_EventTimezone":"","_EventStartDate":"","_EventEndDate":"","_EventStartDateUTC":"","_EventEndDateUTC":"","_EventShowMap":false,"_EventShowMapLink":false,"_EventURL":"","_EventCost":"","_EventCostDescription":"","_EventCurrencySymbol":"","_EventCurrencyCode":"","_EventCurrencyPosition":"","_EventDateTimeSeparator":"","_EventTimeRangeSeparator":"","_EventOrganizerID":[],"_EventVenueID":[],"_OrganizerEmail":"","_OrganizerPhone":"","_OrganizerWebsite":"","_VenueAddress":"","_VenueCity":"","_VenueCountry":"","_VenueProvince":"","_VenueState":"","_VenueZip":"","_VenuePhone":"","_VenueURL":"","_VenueStateProvince":"","_VenueLat":"","_VenueLng":"","_VenueShowMap":false,"_VenueShowMapLink":false,"_kadence_starter_templates_imported_post":false,"_kad_post_transparent":"","_kad_post_title":"","_kad_post_layout":"","_kad_post_sidebar_id":"","_kad_post_content_style":"","_kad_post_vertical_padding":"","_kad_post_feature":"","_kad_post_feature_position":"","_kad_post_header":false,"_kad_post_footer":false,"footnotes":""},"categories":[8],"tags":[],"class_list":["post-1598","post","type-post","status-publish","format-standard","has-post-thumbnail","hentry","category-reuniones"],"_links":{"self":[{"href":"http:\/\/canacoservyturpiedrasnegras.com\/index.php?rest_route=\/wp\/v2\/posts\/1598","targetHints":{"allow":["GET"]}}],"collection":[{"href":"http:\/\/canacoservyturpiedrasnegras.com\/index.php?rest_route=\/wp\/v2\/posts"}],"about":[{"href":"http:\/\/canacoservyturpiedrasnegras.com\/index.php?rest_route=\/wp\/v2\/types\/post"}],"author":[{"embeddable":true,"href":"http:\/\/canacoservyturpiedrasnegras.com\/index.php?rest_route=\/wp\/v2\/users\/1"}],"replies":[{"embeddable":true,"href":"http:\/\/canacoservyturpiedrasnegras.com\/index.php?rest_route=%2Fwp%2Fv2%2Fcomments&post=1598"}],"version-history":[{"count":1,"href":"http:\/\/canacoservyturpiedrasnegras.com\/index.php?rest_route=\/wp\/v2\/posts\/1598\/revisions"}],"predecessor-version":[{"id":1601,"href":"http:\/\/canacoservyturpiedrasnegras.com\/index.php?rest_route=\/wp\/v2\/posts\/1598\/revisions\/1601"}],"wp:featuredmedia":[{"embeddable":true,"href":"http:\/\/canacoservyturpiedrasnegras.com\/index.php?rest_route=\/wp\/v2\/media\/1600"}],"wp:attachment":[{"href":"http:\/\/canacoservyturpiedrasnegras.com\/index.php?rest_route=%2Fwp%2Fv2%2Fmedia&parent=1598"}],"wp:term":[{"taxonomy":"category","embeddable":true,"href":"http:\/\/canacoservyturpiedrasnegras.com\/index.php?rest_route=%2Fwp%2Fv2%2Fcategories&post=1598"},{"taxonomy":"post_tag","embeddable":true,"href":"http:\/\/canacoservyturpiedrasnegras.com\/index.php?rest_route=%2Fwp%2Fv2%2Ftags&post=1598"}],"curies":[{"name":"wp","href":"https:\/\/api.w.org\/{rel}","templated":true}]}}