{"id":1604,"date":"2024-08-16T14:20:54","date_gmt":"2024-08-16T14:20:54","guid":{"rendered":"http:\/\/canacoservyturpiedrasnegras.com\/?p=1604"},"modified":"2024-08-16T14:20:54","modified_gmt":"2024-08-16T14:20:54","slug":"7a-sesion-ordinaria","status":"publish","type":"post","link":"http:\/\/canacoservyturpiedrasnegras.com\/?p=1604","title":{"rendered":"7a. Sesi\u00f3n Ordinaria"},"content":{"rendered":"\n<p>La C\u00e1mara Nacional de Comercio de Piedras Negras realiz\u00f3 la 7a. Sesi\u00f3n Ordinaria encabezada por el presidente Lic. H\u00e9ctor Javier Rodr\u00edguez L\u00f3pez y el Consejo Directivo, en donde se inform\u00f3 sobre los estados financieros, las actividades realizadas ,la oferta de algunos cursos de capacitaci\u00f3n para las empresas, asi como los pormenores para las pr\u00f3ximas promociones y eventos de esta C\u00e1mara.<\/p>\n\n\n\n<figure class=\"wp-block-gallery has-nested-images columns-default is-cropped wp-block-gallery-1 is-layout-flex wp-block-gallery-is-layout-flex\">\n<figure class=\"wp-block-image size-large\"><img loading=\"lazy\" decoding=\"async\" width=\"962\" height=\"959\" data-id=\"1606\" src=\"http:\/\/canacoservyturpiedrasnegras.com\/wp-content\/uploads\/2024\/08\/junta-de-consejo.png\" alt=\"\" class=\"wp-image-1606\" srcset=\"http:\/\/canacoservyturpiedrasnegras.com\/wp-content\/uploads\/2024\/08\/junta-de-consejo.png 962w, http:\/\/canacoservyturpiedrasnegras.com\/wp-content\/uploads\/2024\/08\/junta-de-consejo-300x300.png 300w, http:\/\/canacoservyturpiedrasnegras.com\/wp-content\/uploads\/2024\/08\/junta-de-consejo-150x150.png 150w, http:\/\/canacoservyturpiedrasnegras.com\/wp-content\/uploads\/2024\/08\/junta-de-consejo-768x766.png 768w\" sizes=\"auto, (max-width: 962px) 100vw, 962px\" \/><\/figure>\n\n\n\n<figure class=\"wp-block-image size-large\"><img loading=\"lazy\" decoding=\"async\" width=\"962\" height=\"959\" data-id=\"1607\" src=\"http:\/\/canacoservyturpiedrasnegras.com\/wp-content\/uploads\/2024\/08\/junta-de-consejo1.png\" alt=\"\" class=\"wp-image-1607\" srcset=\"http:\/\/canacoservyturpiedrasnegras.com\/wp-content\/uploads\/2024\/08\/junta-de-consejo1.png 962w, http:\/\/canacoservyturpiedrasnegras.com\/wp-content\/uploads\/2024\/08\/junta-de-consejo1-300x300.png 300w, http:\/\/canacoservyturpiedrasnegras.com\/wp-content\/uploads\/2024\/08\/junta-de-consejo1-150x150.png 150w, http:\/\/canacoservyturpiedrasnegras.com\/wp-content\/uploads\/2024\/08\/junta-de-consejo1-768x766.png 768w\" sizes=\"auto, (max-width: 962px) 100vw, 962px\" \/><\/figure>\n\n\n\n<figure class=\"wp-block-image size-large\"><img loading=\"lazy\" decoding=\"async\" width=\"962\" height=\"959\" data-id=\"1608\" src=\"http:\/\/canacoservyturpiedrasnegras.com\/wp-content\/uploads\/2024\/08\/junta-de-consejo2.png\" alt=\"\" class=\"wp-image-1608\" srcset=\"http:\/\/canacoservyturpiedrasnegras.com\/wp-content\/uploads\/2024\/08\/junta-de-consejo2.png 962w, http:\/\/canacoservyturpiedrasnegras.com\/wp-content\/uploads\/2024\/08\/junta-de-consejo2-300x300.png 300w, http:\/\/canacoservyturpiedrasnegras.com\/wp-content\/uploads\/2024\/08\/junta-de-consejo2-150x150.png 150w, http:\/\/canacoservyturpiedrasnegras.com\/wp-content\/uploads\/2024\/08\/junta-de-consejo2-768x766.png 768w\" sizes=\"auto, (max-width: 962px) 100vw, 962px\" \/><\/figure>\n\n\n\n<figure class=\"wp-block-image size-large\"><img loading=\"lazy\" decoding=\"async\" width=\"962\" height=\"959\" data-id=\"1605\" src=\"http:\/\/canacoservyturpiedrasnegras.com\/wp-content\/uploads\/2024\/08\/junta-de-consejo3.png\" alt=\"\" class=\"wp-image-1605\" srcset=\"http:\/\/canacoservyturpiedrasnegras.com\/wp-content\/uploads\/2024\/08\/junta-de-consejo3.png 962w, http:\/\/canacoservyturpiedrasnegras.com\/wp-content\/uploads\/2024\/08\/junta-de-consejo3-300x300.png 300w, http:\/\/canacoservyturpiedrasnegras.com\/wp-content\/uploads\/2024\/08\/junta-de-consejo3-150x150.png 150w, http:\/\/canacoservyturpiedrasnegras.com\/wp-content\/uploads\/2024\/08\/junta-de-consejo3-768x766.png 768w\" sizes=\"auto, (max-width: 962px) 100vw, 962px\" \/><\/figure>\n<\/figure>\n","protected":false},"excerpt":{"rendered":"<p>La C\u00e1mara Nacional de Comercio de Piedras Negras realiz\u00f3 la 7a. Sesi\u00f3n Ordinaria encabezada por el presidente Lic. H\u00e9ctor Javier Rodr\u00edguez L\u00f3pez y el Consejo Directivo, en donde se inform\u00f3 sobre los estados financieros, las actividades realizadas ,la oferta de algunos cursos de capacitaci\u00f3n para las empresas, asi como los pormenores para las pr\u00f3ximas promociones&#8230;<\/p>\n","protected":false},"author":1,"featured_media":1608,"comment_status":"open","ping_status":"open","sticky":false,"template":"","format":"standard","meta":{"_EventAllDay":false,"_EventTimezone":"","_EventStartDate":"","_EventEndDate":"","_EventStartDateUTC":"","_EventEndDateUTC":"","_EventShowMap":false,"_EventShowMapLink":false,"_EventURL":"","_EventCost":"","_EventCostDescription":"","_EventCurrencySymbol":"","_EventCurrencyCode":"","_EventCurrencyPosition":"","_EventDateTimeSeparator":"","_EventTimeRangeSeparator":"","_EventOrganizerID":[],"_EventVenueID":[],"_OrganizerEmail":"","_OrganizerPhone":"","_OrganizerWebsite":"","_VenueAddress":"","_VenueCity":"","_VenueCountry":"","_VenueProvince":"","_VenueState":"","_VenueZip":"","_VenuePhone":"","_VenueURL":"","_VenueStateProvince":"","_VenueLat":"","_VenueLng":"","_VenueShowMap":false,"_VenueShowMapLink":false,"_kadence_starter_templates_imported_post":false,"_kad_post_transparent":"","_kad_post_title":"","_kad_post_layout":"","_kad_post_sidebar_id":"","_kad_post_content_style":"","_kad_post_vertical_padding":"","_kad_post_feature":"","_kad_post_feature_position":"","_kad_post_header":false,"_kad_post_footer":false,"footnotes":""},"categories":[8],"tags":[],"class_list":["post-1604","post","type-post","status-publish","format-standard","has-post-thumbnail","hentry","category-reuniones"],"_links":{"self":[{"href":"http:\/\/canacoservyturpiedrasnegras.com\/index.php?rest_route=\/wp\/v2\/posts\/1604","targetHints":{"allow":["GET"]}}],"collection":[{"href":"http:\/\/canacoservyturpiedrasnegras.com\/index.php?rest_route=\/wp\/v2\/posts"}],"about":[{"href":"http:\/\/canacoservyturpiedrasnegras.com\/index.php?rest_route=\/wp\/v2\/types\/post"}],"author":[{"embeddable":true,"href":"http:\/\/canacoservyturpiedrasnegras.com\/index.php?rest_route=\/wp\/v2\/users\/1"}],"replies":[{"embeddable":true,"href":"http:\/\/canacoservyturpiedrasnegras.com\/index.php?rest_route=%2Fwp%2Fv2%2Fcomments&post=1604"}],"version-history":[{"count":1,"href":"http:\/\/canacoservyturpiedrasnegras.com\/index.php?rest_route=\/wp\/v2\/posts\/1604\/revisions"}],"predecessor-version":[{"id":1609,"href":"http:\/\/canacoservyturpiedrasnegras.com\/index.php?rest_route=\/wp\/v2\/posts\/1604\/revisions\/1609"}],"wp:featuredmedia":[{"embeddable":true,"href":"http:\/\/canacoservyturpiedrasnegras.com\/index.php?rest_route=\/wp\/v2\/media\/1608"}],"wp:attachment":[{"href":"http:\/\/canacoservyturpiedrasnegras.com\/index.php?rest_route=%2Fwp%2Fv2%2Fmedia&parent=1604"}],"wp:term":[{"taxonomy":"category","embeddable":true,"href":"http:\/\/canacoservyturpiedrasnegras.com\/index.php?rest_route=%2Fwp%2Fv2%2Fcategories&post=1604"},{"taxonomy":"post_tag","embeddable":true,"href":"http:\/\/canacoservyturpiedrasnegras.com\/index.php?rest_route=%2Fwp%2Fv2%2Ftags&post=1604"}],"curies":[{"name":"wp","href":"https:\/\/api.w.org\/{rel}","templated":true}]}}