{"id":1611,"date":"2024-08-29T14:48:55","date_gmt":"2024-08-29T14:48:55","guid":{"rendered":"http:\/\/canacoservyturpiedrasnegras.com\/?p=1611"},"modified":"2024-08-29T14:48:55","modified_gmt":"2024-08-29T14:48:55","slug":"feria-nacional-de-empleo-para-la-inclusion-laboral-de-la-juventud","status":"publish","type":"post","link":"http:\/\/canacoservyturpiedrasnegras.com\/?p=1611","title":{"rendered":"Feria Nacional de Empleo para la Inclusi\u00f3n Laboral de la Juventud"},"content":{"rendered":"\n<p>El presidente Lic. H\u00e9ctor Javier Rodr\u00edguez L\u00f3pez asisti\u00f3 a la \u201cFeria Nacional de Empleo para la Inclusi\u00f3n Laboral de la Juventud\u201d realizada en el Sal\u00f3n de la CTM, la cual fue encabezada por la Secretaria del Trabajo del Estado de Coahuila, Nazira Zogbi Castro y la Subsecretaria de Gobierno en la Regi\u00f3n Norte, Sonia Villarreal P\u00e9rez, asistiendo en representaci\u00f3n de la Alcaldesa Norma Trevi\u00f1o Galindo, la Regidora Diana Isela Villarreal Tijerina, donde participamos con un m\u00f3dulo para ofertar alrededor de 40 vacantes de nuestros asociados.<\/p>\n\n\n\n<figure class=\"wp-block-gallery has-nested-images columns-default is-cropped wp-block-gallery-1 is-layout-flex wp-block-gallery-is-layout-flex\">\n<figure class=\"wp-block-image size-large\"><img loading=\"lazy\" decoding=\"async\" width=\"962\" height=\"959\" data-id=\"1613\" src=\"http:\/\/canacoservyturpiedrasnegras.com\/wp-content\/uploads\/2024\/08\/FERIA-DEL-EMPLEO.jpg\" alt=\"\" class=\"wp-image-1613\" srcset=\"http:\/\/canacoservyturpiedrasnegras.com\/wp-content\/uploads\/2024\/08\/FERIA-DEL-EMPLEO.jpg 962w, http:\/\/canacoservyturpiedrasnegras.com\/wp-content\/uploads\/2024\/08\/FERIA-DEL-EMPLEO-300x300.jpg 300w, http:\/\/canacoservyturpiedrasnegras.com\/wp-content\/uploads\/2024\/08\/FERIA-DEL-EMPLEO-150x150.jpg 150w, http:\/\/canacoservyturpiedrasnegras.com\/wp-content\/uploads\/2024\/08\/FERIA-DEL-EMPLEO-768x766.jpg 768w\" sizes=\"auto, (max-width: 962px) 100vw, 962px\" \/><\/figure>\n\n\n\n<figure class=\"wp-block-image size-large\"><img loading=\"lazy\" decoding=\"async\" width=\"962\" height=\"959\" data-id=\"1614\" src=\"http:\/\/canacoservyturpiedrasnegras.com\/wp-content\/uploads\/2024\/08\/FERIA-DEL-EMPLEO2.jpg\" alt=\"\" class=\"wp-image-1614\" srcset=\"http:\/\/canacoservyturpiedrasnegras.com\/wp-content\/uploads\/2024\/08\/FERIA-DEL-EMPLEO2.jpg 962w, http:\/\/canacoservyturpiedrasnegras.com\/wp-content\/uploads\/2024\/08\/FERIA-DEL-EMPLEO2-300x300.jpg 300w, http:\/\/canacoservyturpiedrasnegras.com\/wp-content\/uploads\/2024\/08\/FERIA-DEL-EMPLEO2-150x150.jpg 150w, http:\/\/canacoservyturpiedrasnegras.com\/wp-content\/uploads\/2024\/08\/FERIA-DEL-EMPLEO2-768x766.jpg 768w\" sizes=\"auto, (max-width: 962px) 100vw, 962px\" \/><\/figure>\n\n\n\n<figure class=\"wp-block-image size-large\"><img loading=\"lazy\" decoding=\"async\" width=\"962\" height=\"959\" data-id=\"1612\" src=\"http:\/\/canacoservyturpiedrasnegras.com\/wp-content\/uploads\/2024\/08\/FERIA-DEL-EMPLEO3.jpg\" alt=\"\" class=\"wp-image-1612\" srcset=\"http:\/\/canacoservyturpiedrasnegras.com\/wp-content\/uploads\/2024\/08\/FERIA-DEL-EMPLEO3.jpg 962w, http:\/\/canacoservyturpiedrasnegras.com\/wp-content\/uploads\/2024\/08\/FERIA-DEL-EMPLEO3-300x300.jpg 300w, http:\/\/canacoservyturpiedrasnegras.com\/wp-content\/uploads\/2024\/08\/FERIA-DEL-EMPLEO3-150x150.jpg 150w, http:\/\/canacoservyturpiedrasnegras.com\/wp-content\/uploads\/2024\/08\/FERIA-DEL-EMPLEO3-768x766.jpg 768w\" sizes=\"auto, (max-width: 962px) 100vw, 962px\" \/><\/figure>\n<\/figure>\n","protected":false},"excerpt":{"rendered":"<p>El presidente Lic. H\u00e9ctor Javier Rodr\u00edguez L\u00f3pez asisti\u00f3 a la \u201cFeria Nacional de Empleo para la Inclusi\u00f3n Laboral de la Juventud\u201d realizada en el Sal\u00f3n de la CTM, la cual fue encabezada por la Secretaria del Trabajo del Estado de Coahuila, Nazira Zogbi Castro y la Subsecretaria de Gobierno en la Regi\u00f3n Norte, Sonia Villarreal&#8230;<\/p>\n","protected":false},"author":1,"featured_media":1612,"comment_status":"open","ping_status":"open","sticky":false,"template":"","format":"standard","meta":{"_EventAllDay":false,"_EventTimezone":"","_EventStartDate":"","_EventEndDate":"","_EventStartDateUTC":"","_EventEndDateUTC":"","_EventShowMap":false,"_EventShowMapLink":false,"_EventURL":"","_EventCost":"","_EventCostDescription":"","_EventCurrencySymbol":"","_EventCurrencyCode":"","_EventCurrencyPosition":"","_EventDateTimeSeparator":"","_EventTimeRangeSeparator":"","_EventOrganizerID":[],"_EventVenueID":[],"_OrganizerEmail":"","_OrganizerPhone":"","_OrganizerWebsite":"","_VenueAddress":"","_VenueCity":"","_VenueCountry":"","_VenueProvince":"","_VenueState":"","_VenueZip":"","_VenuePhone":"","_VenueURL":"","_VenueStateProvince":"","_VenueLat":"","_VenueLng":"","_VenueShowMap":false,"_VenueShowMapLink":false,"_kadence_starter_templates_imported_post":false,"_kad_post_transparent":"","_kad_post_title":"","_kad_post_layout":"","_kad_post_sidebar_id":"","_kad_post_content_style":"","_kad_post_vertical_padding":"","_kad_post_feature":"","_kad_post_feature_position":"","_kad_post_header":false,"_kad_post_footer":false,"footnotes":""},"categories":[2],"tags":[],"class_list":["post-1611","post","type-post","status-publish","format-standard","has-post-thumbnail","hentry","category-eventos"],"_links":{"self":[{"href":"http:\/\/canacoservyturpiedrasnegras.com\/index.php?rest_route=\/wp\/v2\/posts\/1611","targetHints":{"allow":["GET"]}}],"collection":[{"href":"http:\/\/canacoservyturpiedrasnegras.com\/index.php?rest_route=\/wp\/v2\/posts"}],"about":[{"href":"http:\/\/canacoservyturpiedrasnegras.com\/index.php?rest_route=\/wp\/v2\/types\/post"}],"author":[{"embeddable":true,"href":"http:\/\/canacoservyturpiedrasnegras.com\/index.php?rest_route=\/wp\/v2\/users\/1"}],"replies":[{"embeddable":true,"href":"http:\/\/canacoservyturpiedrasnegras.com\/index.php?rest_route=%2Fwp%2Fv2%2Fcomments&post=1611"}],"version-history":[{"count":1,"href":"http:\/\/canacoservyturpiedrasnegras.com\/index.php?rest_route=\/wp\/v2\/posts\/1611\/revisions"}],"predecessor-version":[{"id":1615,"href":"http:\/\/canacoservyturpiedrasnegras.com\/index.php?rest_route=\/wp\/v2\/posts\/1611\/revisions\/1615"}],"wp:featuredmedia":[{"embeddable":true,"href":"http:\/\/canacoservyturpiedrasnegras.com\/index.php?rest_route=\/wp\/v2\/media\/1612"}],"wp:attachment":[{"href":"http:\/\/canacoservyturpiedrasnegras.com\/index.php?rest_route=%2Fwp%2Fv2%2Fmedia&parent=1611"}],"wp:term":[{"taxonomy":"category","embeddable":true,"href":"http:\/\/canacoservyturpiedrasnegras.com\/index.php?rest_route=%2Fwp%2Fv2%2Fcategories&post=1611"},{"taxonomy":"post_tag","embeddable":true,"href":"http:\/\/canacoservyturpiedrasnegras.com\/index.php?rest_route=%2Fwp%2Fv2%2Ftags&post=1611"}],"curies":[{"name":"wp","href":"https:\/\/api.w.org\/{rel}","templated":true}]}}