{"id":1622,"date":"2024-09-03T19:00:01","date_gmt":"2024-09-03T19:00:01","guid":{"rendered":"http:\/\/canacoservyturpiedrasnegras.com\/?p=1622"},"modified":"2024-09-03T19:13:37","modified_gmt":"2024-09-03T19:13:37","slug":"convenio-de-colaboracion-con-ampi-piedras-negras","status":"publish","type":"post","link":"http:\/\/canacoservyturpiedrasnegras.com\/?p=1622","title":{"rendered":"Convenio de colaboraci\u00f3n con AMPI Piedras Negras"},"content":{"rendered":"\n<p>El Presidente Lic. H\u00e9ctor Javier Rodr\u00edguez L\u00f3pez y la Consejera Lic. Claudia Parra Saucedo sostuvieron una reuni\u00f3n con la C.P. M\u00e1 de Jes\u00fas Aguirre&nbsp;Ovalle donde se firm\u00f3 un convenio con AMPI Piedras Negras para colaborar en la convocatoria al \u00ab1er Foro Inmobiliario, Con Rumbo Al Futuro Econ\u00f3mico Industrial\u00bb en donde expertos en temas inmobiliarios, compartir\u00e1n su conocimiento a los participantes.<br>El foro se realizar\u00e1 en la Pir\u00e1mide del Sol de la Plaza de las Culturas en Piedras Negras, Coahuila, el d\u00eda 27 de septiembre de 2024 registro a partir de las 08:30 hrs. y la clausura ser\u00e1 a las 15:00 hrs.<br>Solicitamos a nuestros socios su apoyo y participaci\u00f3n a este magno evento que ser\u00e1 de beneficio econ\u00f3mico y tur\u00edstico para&nbsp;nuestra&nbsp;ciudad.<\/p>\n\n\n\n<figure class=\"wp-block-image size-full\"><img loading=\"lazy\" decoding=\"async\" width=\"962\" height=\"959\" src=\"http:\/\/canacoservyturpiedrasnegras.com\/wp-content\/uploads\/2024\/09\/CONVENIO.png\" alt=\"\" class=\"wp-image-1623\" srcset=\"http:\/\/canacoservyturpiedrasnegras.com\/wp-content\/uploads\/2024\/09\/CONVENIO.png 962w, http:\/\/canacoservyturpiedrasnegras.com\/wp-content\/uploads\/2024\/09\/CONVENIO-300x300.png 300w, http:\/\/canacoservyturpiedrasnegras.com\/wp-content\/uploads\/2024\/09\/CONVENIO-150x150.png 150w, http:\/\/canacoservyturpiedrasnegras.com\/wp-content\/uploads\/2024\/09\/CONVENIO-768x766.png 768w\" sizes=\"auto, (max-width: 962px) 100vw, 962px\" \/><\/figure>\n","protected":false},"excerpt":{"rendered":"<p>El Presidente Lic. H\u00e9ctor Javier Rodr\u00edguez L\u00f3pez y la Consejera Lic. Claudia Parra Saucedo sostuvieron una reuni\u00f3n con la C.P. M\u00e1 de Jes\u00fas Aguirre&nbsp;Ovalle donde se firm\u00f3 un convenio con AMPI Piedras Negras para colaborar en la convocatoria al \u00ab1er Foro Inmobiliario, Con Rumbo Al Futuro Econ\u00f3mico Industrial\u00bb en donde expertos en temas inmobiliarios, compartir\u00e1n&#8230;<\/p>\n","protected":false},"author":1,"featured_media":1623,"comment_status":"open","ping_status":"open","sticky":false,"template":"","format":"standard","meta":{"_EventAllDay":false,"_EventTimezone":"","_EventStartDate":"","_EventEndDate":"","_EventStartDateUTC":"","_EventEndDateUTC":"","_EventShowMap":false,"_EventShowMapLink":false,"_EventURL":"","_EventCost":"","_EventCostDescription":"","_EventCurrencySymbol":"","_EventCurrencyCode":"","_EventCurrencyPosition":"","_EventDateTimeSeparator":"","_EventTimeRangeSeparator":"","_EventOrganizerID":[],"_EventVenueID":[],"_OrganizerEmail":"","_OrganizerPhone":"","_OrganizerWebsite":"","_VenueAddress":"","_VenueCity":"","_VenueCountry":"","_VenueProvince":"","_VenueState":"","_VenueZip":"","_VenuePhone":"","_VenueURL":"","_VenueStateProvince":"","_VenueLat":"","_VenueLng":"","_VenueShowMap":false,"_VenueShowMapLink":false,"_kadence_starter_templates_imported_post":false,"_kad_post_transparent":"","_kad_post_title":"","_kad_post_layout":"","_kad_post_sidebar_id":"","_kad_post_content_style":"","_kad_post_vertical_padding":"","_kad_post_feature":"","_kad_post_feature_position":"","_kad_post_header":false,"_kad_post_footer":false,"footnotes":""},"categories":[6],"tags":[],"class_list":["post-1622","post","type-post","status-publish","format-standard","has-post-thumbnail","hentry","category-convenios"],"_links":{"self":[{"href":"http:\/\/canacoservyturpiedrasnegras.com\/index.php?rest_route=\/wp\/v2\/posts\/1622","targetHints":{"allow":["GET"]}}],"collection":[{"href":"http:\/\/canacoservyturpiedrasnegras.com\/index.php?rest_route=\/wp\/v2\/posts"}],"about":[{"href":"http:\/\/canacoservyturpiedrasnegras.com\/index.php?rest_route=\/wp\/v2\/types\/post"}],"author":[{"embeddable":true,"href":"http:\/\/canacoservyturpiedrasnegras.com\/index.php?rest_route=\/wp\/v2\/users\/1"}],"replies":[{"embeddable":true,"href":"http:\/\/canacoservyturpiedrasnegras.com\/index.php?rest_route=%2Fwp%2Fv2%2Fcomments&post=1622"}],"version-history":[{"count":2,"href":"http:\/\/canacoservyturpiedrasnegras.com\/index.php?rest_route=\/wp\/v2\/posts\/1622\/revisions"}],"predecessor-version":[{"id":1625,"href":"http:\/\/canacoservyturpiedrasnegras.com\/index.php?rest_route=\/wp\/v2\/posts\/1622\/revisions\/1625"}],"wp:featuredmedia":[{"embeddable":true,"href":"http:\/\/canacoservyturpiedrasnegras.com\/index.php?rest_route=\/wp\/v2\/media\/1623"}],"wp:attachment":[{"href":"http:\/\/canacoservyturpiedrasnegras.com\/index.php?rest_route=%2Fwp%2Fv2%2Fmedia&parent=1622"}],"wp:term":[{"taxonomy":"category","embeddable":true,"href":"http:\/\/canacoservyturpiedrasnegras.com\/index.php?rest_route=%2Fwp%2Fv2%2Fcategories&post=1622"},{"taxonomy":"post_tag","embeddable":true,"href":"http:\/\/canacoservyturpiedrasnegras.com\/index.php?rest_route=%2Fwp%2Fv2%2Ftags&post=1622"}],"curies":[{"name":"wp","href":"https:\/\/api.w.org\/{rel}","templated":true}]}}