{"id":1645,"date":"2024-09-20T17:20:30","date_gmt":"2024-09-20T17:20:30","guid":{"rendered":"http:\/\/canacoservyturpiedrasnegras.com\/?p=1645"},"modified":"2024-09-20T17:20:30","modified_gmt":"2024-09-20T17:20:30","slug":"apertura-de-mozzarella-pizza-sucursal-altamira","status":"publish","type":"post","link":"http:\/\/canacoservyturpiedrasnegras.com\/?p=1645","title":{"rendered":"Apertura de Mozzarella Pizza Sucursal Altamira"},"content":{"rendered":"\n<p>El presidente Lic. H\u00e9ctor Javier Rodr\u00edguez L\u00f3pez y el H. Consejo Directivo de la C\u00e1mara Nacional de Comercio felicita a nuestro Vicepresidente de Afiliaci\u00f3n, Socio y Amigo Lic. Teodoro Rodr\u00edguez Spence y familia por la apertura de su nueva Sucursal Altamira de <a href=\"https:\/\/www.facebook.com\/mozzarellamx?__cft__[0]=AZUAY15u-vCyMrXH29ZMIfhhgUyF5r3PghKJ70-iD8eo_ndAxOl1x4AyU14IKN3-jUaDqUAENdLKMRehLWgrDhOQga2qR4JhM7sKKMT87KsKO_8EJFtRGQzv1FvN7VlMw3f0oIe5wfWekiuPwjmZXLelXbUaWKyeGPoIfTOGPDe7EduXt2Y3o-VlVRny_HEc6-t5NQY2K-Z6dL4Gu_x0cNrY&amp;__tn__=-]K-R\">Mozzarella Pizza<\/a> ubicada en Carretera 57 #326, Col. Altamira, Piedras Negras, Coahuila, deseando todo el \u00e9xito en su proyecto de crecimiento.<\/p>\n\n\n\n<figure class=\"wp-block-gallery has-nested-images columns-default is-cropped wp-block-gallery-1 is-layout-flex wp-block-gallery-is-layout-flex\">\n<figure class=\"wp-block-image size-large\"><img loading=\"lazy\" decoding=\"async\" width=\"962\" height=\"959\" data-id=\"1646\" src=\"http:\/\/canacoservyturpiedrasnegras.com\/wp-content\/uploads\/2024\/09\/inaguracion.png\" alt=\"\" class=\"wp-image-1646\" srcset=\"http:\/\/canacoservyturpiedrasnegras.com\/wp-content\/uploads\/2024\/09\/inaguracion.png 962w, http:\/\/canacoservyturpiedrasnegras.com\/wp-content\/uploads\/2024\/09\/inaguracion-300x300.png 300w, http:\/\/canacoservyturpiedrasnegras.com\/wp-content\/uploads\/2024\/09\/inaguracion-150x150.png 150w, http:\/\/canacoservyturpiedrasnegras.com\/wp-content\/uploads\/2024\/09\/inaguracion-768x766.png 768w\" sizes=\"auto, (max-width: 962px) 100vw, 962px\" \/><\/figure>\n\n\n\n<figure class=\"wp-block-image size-large\"><img loading=\"lazy\" decoding=\"async\" width=\"962\" height=\"959\" data-id=\"1648\" src=\"http:\/\/canacoservyturpiedrasnegras.com\/wp-content\/uploads\/2024\/09\/inaguracion1.png\" alt=\"\" class=\"wp-image-1648\" srcset=\"http:\/\/canacoservyturpiedrasnegras.com\/wp-content\/uploads\/2024\/09\/inaguracion1.png 962w, http:\/\/canacoservyturpiedrasnegras.com\/wp-content\/uploads\/2024\/09\/inaguracion1-300x300.png 300w, http:\/\/canacoservyturpiedrasnegras.com\/wp-content\/uploads\/2024\/09\/inaguracion1-150x150.png 150w, http:\/\/canacoservyturpiedrasnegras.com\/wp-content\/uploads\/2024\/09\/inaguracion1-768x766.png 768w\" sizes=\"auto, (max-width: 962px) 100vw, 962px\" \/><\/figure>\n\n\n\n<figure class=\"wp-block-image size-large\"><img loading=\"lazy\" decoding=\"async\" width=\"962\" height=\"959\" data-id=\"1647\" src=\"http:\/\/canacoservyturpiedrasnegras.com\/wp-content\/uploads\/2024\/09\/inaguracion2.png\" alt=\"\" class=\"wp-image-1647\" srcset=\"http:\/\/canacoservyturpiedrasnegras.com\/wp-content\/uploads\/2024\/09\/inaguracion2.png 962w, http:\/\/canacoservyturpiedrasnegras.com\/wp-content\/uploads\/2024\/09\/inaguracion2-300x300.png 300w, http:\/\/canacoservyturpiedrasnegras.com\/wp-content\/uploads\/2024\/09\/inaguracion2-150x150.png 150w, http:\/\/canacoservyturpiedrasnegras.com\/wp-content\/uploads\/2024\/09\/inaguracion2-768x766.png 768w\" sizes=\"auto, (max-width: 962px) 100vw, 962px\" \/><\/figure>\n<\/figure>\n","protected":false},"excerpt":{"rendered":"<p>El presidente Lic. H\u00e9ctor Javier Rodr\u00edguez L\u00f3pez y el H. Consejo Directivo de la C\u00e1mara Nacional de Comercio felicita a nuestro Vicepresidente de Afiliaci\u00f3n, Socio y Amigo Lic. Teodoro Rodr\u00edguez Spence y familia por la apertura de su nueva Sucursal Altamira de Mozzarella Pizza ubicada en Carretera 57 #326, Col. Altamira, Piedras Negras, Coahuila, deseando&#8230;<\/p>\n","protected":false},"author":1,"featured_media":1646,"comment_status":"open","ping_status":"open","sticky":false,"template":"","format":"standard","meta":{"_EventAllDay":false,"_EventTimezone":"","_EventStartDate":"","_EventEndDate":"","_EventStartDateUTC":"","_EventEndDateUTC":"","_EventShowMap":false,"_EventShowMapLink":false,"_EventURL":"","_EventCost":"","_EventCostDescription":"","_EventCurrencySymbol":"","_EventCurrencyCode":"","_EventCurrencyPosition":"","_EventDateTimeSeparator":"","_EventTimeRangeSeparator":"","_EventOrganizerID":[],"_EventVenueID":[],"_OrganizerEmail":"","_OrganizerPhone":"","_OrganizerWebsite":"","_VenueAddress":"","_VenueCity":"","_VenueCountry":"","_VenueProvince":"","_VenueState":"","_VenueZip":"","_VenuePhone":"","_VenueURL":"","_VenueStateProvince":"","_VenueLat":"","_VenueLng":"","_VenueShowMap":false,"_VenueShowMapLink":false,"_kadence_starter_templates_imported_post":false,"_kad_post_transparent":"","_kad_post_title":"","_kad_post_layout":"","_kad_post_sidebar_id":"","_kad_post_content_style":"","_kad_post_vertical_padding":"","_kad_post_feature":"","_kad_post_feature_position":"","_kad_post_header":false,"_kad_post_footer":false,"footnotes":""},"categories":[2],"tags":[],"class_list":["post-1645","post","type-post","status-publish","format-standard","has-post-thumbnail","hentry","category-eventos"],"_links":{"self":[{"href":"http:\/\/canacoservyturpiedrasnegras.com\/index.php?rest_route=\/wp\/v2\/posts\/1645","targetHints":{"allow":["GET"]}}],"collection":[{"href":"http:\/\/canacoservyturpiedrasnegras.com\/index.php?rest_route=\/wp\/v2\/posts"}],"about":[{"href":"http:\/\/canacoservyturpiedrasnegras.com\/index.php?rest_route=\/wp\/v2\/types\/post"}],"author":[{"embeddable":true,"href":"http:\/\/canacoservyturpiedrasnegras.com\/index.php?rest_route=\/wp\/v2\/users\/1"}],"replies":[{"embeddable":true,"href":"http:\/\/canacoservyturpiedrasnegras.com\/index.php?rest_route=%2Fwp%2Fv2%2Fcomments&post=1645"}],"version-history":[{"count":1,"href":"http:\/\/canacoservyturpiedrasnegras.com\/index.php?rest_route=\/wp\/v2\/posts\/1645\/revisions"}],"predecessor-version":[{"id":1649,"href":"http:\/\/canacoservyturpiedrasnegras.com\/index.php?rest_route=\/wp\/v2\/posts\/1645\/revisions\/1649"}],"wp:featuredmedia":[{"embeddable":true,"href":"http:\/\/canacoservyturpiedrasnegras.com\/index.php?rest_route=\/wp\/v2\/media\/1646"}],"wp:attachment":[{"href":"http:\/\/canacoservyturpiedrasnegras.com\/index.php?rest_route=%2Fwp%2Fv2%2Fmedia&parent=1645"}],"wp:term":[{"taxonomy":"category","embeddable":true,"href":"http:\/\/canacoservyturpiedrasnegras.com\/index.php?rest_route=%2Fwp%2Fv2%2Fcategories&post=1645"},{"taxonomy":"post_tag","embeddable":true,"href":"http:\/\/canacoservyturpiedrasnegras.com\/index.php?rest_route=%2Fwp%2Fv2%2Ftags&post=1645"}],"curies":[{"name":"wp","href":"https:\/\/api.w.org\/{rel}","templated":true}]}}