{"id":1688,"date":"2024-10-31T15:45:11","date_gmt":"2024-10-31T15:45:11","guid":{"rendered":"http:\/\/canacoservyturpiedrasnegras.com\/?p=1688"},"modified":"2024-10-31T15:45:11","modified_gmt":"2024-10-31T15:45:11","slug":"concurso-de-altar-de-muertos","status":"publish","type":"post","link":"http:\/\/canacoservyturpiedrasnegras.com\/?p=1688","title":{"rendered":"Concurso de Altar de Muertos"},"content":{"rendered":"\n<p>El presidente Lic. H\u00e9ctor Javier Rodr\u00edguez L\u00f3pez en conjunto con el Arq. Jorge Gonz\u00e1lez Carrillo participaron en representaci\u00f3n de la C\u00e1mara Nacional de Comercio de Piedras Negras en el Concurso de Altar de Muertos organizado por el Consulado de M\u00e9xico en Eagle Pass, Texas.<\/p>\n\n\n\n<p>El altar fue dedicado a honrar la memoria de nuestro Expresidente Sr. Vicente Rosiles Avalos y Gerente Lic. Aureliano Reyes Morales en reconocimiento a los a\u00f1os de servicio, generosidad y dedicaci\u00f3n para el <a><\/a>beneficio del comercio organizado y de la Canaco Servytur Piedras Negras<\/p>\n\n\n\n<figure class=\"wp-block-gallery has-nested-images columns-default is-cropped wp-block-gallery-1 is-layout-flex wp-block-gallery-is-layout-flex\">\n<figure class=\"wp-block-image size-large\"><img loading=\"lazy\" decoding=\"async\" width=\"1024\" height=\"1024\" data-id=\"1692\" src=\"http:\/\/canacoservyturpiedrasnegras.com\/wp-content\/uploads\/2024\/10\/464918517_1091886546273671_1117920474202812028_n-1024x1024.jpg\" alt=\"\" class=\"wp-image-1692\" srcset=\"http:\/\/canacoservyturpiedrasnegras.com\/wp-content\/uploads\/2024\/10\/464918517_1091886546273671_1117920474202812028_n-1024x1024.jpg 1024w, http:\/\/canacoservyturpiedrasnegras.com\/wp-content\/uploads\/2024\/10\/464918517_1091886546273671_1117920474202812028_n-300x300.jpg 300w, http:\/\/canacoservyturpiedrasnegras.com\/wp-content\/uploads\/2024\/10\/464918517_1091886546273671_1117920474202812028_n-150x150.jpg 150w, http:\/\/canacoservyturpiedrasnegras.com\/wp-content\/uploads\/2024\/10\/464918517_1091886546273671_1117920474202812028_n-768x768.jpg 768w, http:\/\/canacoservyturpiedrasnegras.com\/wp-content\/uploads\/2024\/10\/464918517_1091886546273671_1117920474202812028_n-1536x1536.jpg 1536w, http:\/\/canacoservyturpiedrasnegras.com\/wp-content\/uploads\/2024\/10\/464918517_1091886546273671_1117920474202812028_n.jpg 2048w\" sizes=\"auto, (max-width: 1024px) 100vw, 1024px\" \/><\/figure>\n\n\n\n<figure class=\"wp-block-image size-large\"><img loading=\"lazy\" decoding=\"async\" width=\"1024\" height=\"1024\" data-id=\"1689\" src=\"http:\/\/canacoservyturpiedrasnegras.com\/wp-content\/uploads\/2024\/10\/464867051_1091886529607006_1642394736139836822_n-1024x1024.jpg\" alt=\"\" class=\"wp-image-1689\" srcset=\"http:\/\/canacoservyturpiedrasnegras.com\/wp-content\/uploads\/2024\/10\/464867051_1091886529607006_1642394736139836822_n-1024x1024.jpg 1024w, http:\/\/canacoservyturpiedrasnegras.com\/wp-content\/uploads\/2024\/10\/464867051_1091886529607006_1642394736139836822_n-300x300.jpg 300w, http:\/\/canacoservyturpiedrasnegras.com\/wp-content\/uploads\/2024\/10\/464867051_1091886529607006_1642394736139836822_n-150x150.jpg 150w, http:\/\/canacoservyturpiedrasnegras.com\/wp-content\/uploads\/2024\/10\/464867051_1091886529607006_1642394736139836822_n-768x768.jpg 768w, http:\/\/canacoservyturpiedrasnegras.com\/wp-content\/uploads\/2024\/10\/464867051_1091886529607006_1642394736139836822_n-1536x1536.jpg 1536w, http:\/\/canacoservyturpiedrasnegras.com\/wp-content\/uploads\/2024\/10\/464867051_1091886529607006_1642394736139836822_n.jpg 2048w\" sizes=\"auto, (max-width: 1024px) 100vw, 1024px\" \/><\/figure>\n\n\n\n<figure class=\"wp-block-image size-large\"><img loading=\"lazy\" decoding=\"async\" width=\"1024\" height=\"1024\" data-id=\"1691\" src=\"http:\/\/canacoservyturpiedrasnegras.com\/wp-content\/uploads\/2024\/10\/464846708_1091886539607005_1953211605571860307_n-1024x1024.jpg\" alt=\"\" class=\"wp-image-1691\" srcset=\"http:\/\/canacoservyturpiedrasnegras.com\/wp-content\/uploads\/2024\/10\/464846708_1091886539607005_1953211605571860307_n-1024x1024.jpg 1024w, http:\/\/canacoservyturpiedrasnegras.com\/wp-content\/uploads\/2024\/10\/464846708_1091886539607005_1953211605571860307_n-300x300.jpg 300w, http:\/\/canacoservyturpiedrasnegras.com\/wp-content\/uploads\/2024\/10\/464846708_1091886539607005_1953211605571860307_n-150x150.jpg 150w, http:\/\/canacoservyturpiedrasnegras.com\/wp-content\/uploads\/2024\/10\/464846708_1091886539607005_1953211605571860307_n-768x768.jpg 768w, http:\/\/canacoservyturpiedrasnegras.com\/wp-content\/uploads\/2024\/10\/464846708_1091886539607005_1953211605571860307_n-1536x1536.jpg 1536w, http:\/\/canacoservyturpiedrasnegras.com\/wp-content\/uploads\/2024\/10\/464846708_1091886539607005_1953211605571860307_n.jpg 2048w\" sizes=\"auto, (max-width: 1024px) 100vw, 1024px\" \/><\/figure>\n\n\n\n<figure class=\"wp-block-image size-large\"><img loading=\"lazy\" decoding=\"async\" width=\"600\" height=\"600\" data-id=\"1690\" src=\"http:\/\/canacoservyturpiedrasnegras.com\/wp-content\/uploads\/2024\/10\/464783122_1091886542940338_8668400768014563277_n.jpg\" alt=\"\" class=\"wp-image-1690\" srcset=\"http:\/\/canacoservyturpiedrasnegras.com\/wp-content\/uploads\/2024\/10\/464783122_1091886542940338_8668400768014563277_n.jpg 600w, http:\/\/canacoservyturpiedrasnegras.com\/wp-content\/uploads\/2024\/10\/464783122_1091886542940338_8668400768014563277_n-300x300.jpg 300w, http:\/\/canacoservyturpiedrasnegras.com\/wp-content\/uploads\/2024\/10\/464783122_1091886542940338_8668400768014563277_n-150x150.jpg 150w\" sizes=\"auto, (max-width: 600px) 100vw, 600px\" \/><\/figure>\n<\/figure>\n","protected":false},"excerpt":{"rendered":"<p>El presidente Lic. H\u00e9ctor Javier Rodr\u00edguez L\u00f3pez en conjunto con el Arq. Jorge Gonz\u00e1lez Carrillo participaron en representaci\u00f3n de la C\u00e1mara Nacional de Comercio de Piedras Negras en el Concurso de Altar de Muertos organizado por el Consulado de M\u00e9xico en Eagle Pass, Texas. El altar fue dedicado a honrar la memoria de nuestro Expresidente&#8230;<\/p>\n","protected":false},"author":1,"featured_media":1691,"comment_status":"open","ping_status":"open","sticky":false,"template":"","format":"standard","meta":{"_EventAllDay":false,"_EventTimezone":"","_EventStartDate":"","_EventEndDate":"","_EventStartDateUTC":"","_EventEndDateUTC":"","_EventShowMap":false,"_EventShowMapLink":false,"_EventURL":"","_EventCost":"","_EventCostDescription":"","_EventCurrencySymbol":"","_EventCurrencyCode":"","_EventCurrencyPosition":"","_EventDateTimeSeparator":"","_EventTimeRangeSeparator":"","_EventOrganizerID":[],"_EventVenueID":[],"_OrganizerEmail":"","_OrganizerPhone":"","_OrganizerWebsite":"","_VenueAddress":"","_VenueCity":"","_VenueCountry":"","_VenueProvince":"","_VenueState":"","_VenueZip":"","_VenuePhone":"","_VenueURL":"","_VenueStateProvince":"","_VenueLat":"","_VenueLng":"","_VenueShowMap":false,"_VenueShowMapLink":false,"_kadence_starter_templates_imported_post":false,"_kad_post_transparent":"","_kad_post_title":"","_kad_post_layout":"","_kad_post_sidebar_id":"","_kad_post_content_style":"","_kad_post_vertical_padding":"","_kad_post_feature":"","_kad_post_feature_position":"","_kad_post_header":false,"_kad_post_footer":false,"footnotes":""},"categories":[2],"tags":[],"class_list":["post-1688","post","type-post","status-publish","format-standard","has-post-thumbnail","hentry","category-eventos"],"_links":{"self":[{"href":"http:\/\/canacoservyturpiedrasnegras.com\/index.php?rest_route=\/wp\/v2\/posts\/1688","targetHints":{"allow":["GET"]}}],"collection":[{"href":"http:\/\/canacoservyturpiedrasnegras.com\/index.php?rest_route=\/wp\/v2\/posts"}],"about":[{"href":"http:\/\/canacoservyturpiedrasnegras.com\/index.php?rest_route=\/wp\/v2\/types\/post"}],"author":[{"embeddable":true,"href":"http:\/\/canacoservyturpiedrasnegras.com\/index.php?rest_route=\/wp\/v2\/users\/1"}],"replies":[{"embeddable":true,"href":"http:\/\/canacoservyturpiedrasnegras.com\/index.php?rest_route=%2Fwp%2Fv2%2Fcomments&post=1688"}],"version-history":[{"count":1,"href":"http:\/\/canacoservyturpiedrasnegras.com\/index.php?rest_route=\/wp\/v2\/posts\/1688\/revisions"}],"predecessor-version":[{"id":1693,"href":"http:\/\/canacoservyturpiedrasnegras.com\/index.php?rest_route=\/wp\/v2\/posts\/1688\/revisions\/1693"}],"wp:featuredmedia":[{"embeddable":true,"href":"http:\/\/canacoservyturpiedrasnegras.com\/index.php?rest_route=\/wp\/v2\/media\/1691"}],"wp:attachment":[{"href":"http:\/\/canacoservyturpiedrasnegras.com\/index.php?rest_route=%2Fwp%2Fv2%2Fmedia&parent=1688"}],"wp:term":[{"taxonomy":"category","embeddable":true,"href":"http:\/\/canacoservyturpiedrasnegras.com\/index.php?rest_route=%2Fwp%2Fv2%2Fcategories&post=1688"},{"taxonomy":"post_tag","embeddable":true,"href":"http:\/\/canacoservyturpiedrasnegras.com\/index.php?rest_route=%2Fwp%2Fv2%2Ftags&post=1688"}],"curies":[{"name":"wp","href":"https:\/\/api.w.org\/{rel}","templated":true}]}}