{"id":1701,"date":"2024-11-05T16:19:50","date_gmt":"2024-11-05T16:19:50","guid":{"rendered":"http:\/\/canacoservyturpiedrasnegras.com\/?p=1701"},"modified":"2024-11-05T16:19:50","modified_gmt":"2024-11-05T16:19:50","slug":"conferencia-de-prensa-la-19a-promocion-comercial-2024-canaco-servytur-piedras-negras","status":"publish","type":"post","link":"http:\/\/canacoservyturpiedrasnegras.com\/?p=1701","title":{"rendered":"Conferencia de prensa la 19a. Promoci\u00f3n Comercial 2024 Canaco Servytur Piedras Negras"},"content":{"rendered":"\n<p>El presidente Lic. H\u00e9ctor Javier Rodr\u00edguez L\u00f3pez en conjunto con el H. Consejo Directivo y socios de la C\u00e1mara de Comercio anunciaron en conferencia de prensa la 19a. Promoci\u00f3n Comercial 2024 Canaco Servytur Piedras Negras, en la que nuestros afiliados participan comprando boletos y distribuy\u00e9ndolos a criterio a sus clientes, con el objetivo de impulsar las ventas y el tr\u00e1fico de clientes para nuestros agremiados. Esta edici\u00f3n el premio principal es de $100,000 pesos y se <a><\/a>llevar\u00e1 a cabo el d\u00eda viernes, 27 de diciembre del presente a\u00f1o, en las instalaciones de la C\u00e1mara de Comercio, donde tambi\u00e9n habr\u00e1 premios sorpresa otorgados por socios que deseen participar.<\/p>\n\n\n\n<figure class=\"wp-block-gallery has-nested-images columns-default is-cropped wp-block-gallery-1 is-layout-flex wp-block-gallery-is-layout-flex\">\n<figure class=\"wp-block-image size-large\"><img loading=\"lazy\" decoding=\"async\" width=\"1024\" height=\"1024\" data-id=\"1702\" src=\"http:\/\/canacoservyturpiedrasnegras.com\/wp-content\/uploads\/2024\/11\/WhatsApp-Image-2024-11-05-at-10.02.04-AM-2-1024x1024.jpeg\" alt=\"\" class=\"wp-image-1702\" srcset=\"http:\/\/canacoservyturpiedrasnegras.com\/wp-content\/uploads\/2024\/11\/WhatsApp-Image-2024-11-05-at-10.02.04-AM-2-1024x1024.jpeg 1024w, http:\/\/canacoservyturpiedrasnegras.com\/wp-content\/uploads\/2024\/11\/WhatsApp-Image-2024-11-05-at-10.02.04-AM-2-300x300.jpeg 300w, http:\/\/canacoservyturpiedrasnegras.com\/wp-content\/uploads\/2024\/11\/WhatsApp-Image-2024-11-05-at-10.02.04-AM-2-150x150.jpeg 150w, http:\/\/canacoservyturpiedrasnegras.com\/wp-content\/uploads\/2024\/11\/WhatsApp-Image-2024-11-05-at-10.02.04-AM-2-768x768.jpeg 768w, http:\/\/canacoservyturpiedrasnegras.com\/wp-content\/uploads\/2024\/11\/WhatsApp-Image-2024-11-05-at-10.02.04-AM-2.jpeg 1280w\" sizes=\"auto, (max-width: 1024px) 100vw, 1024px\" \/><\/figure>\n<\/figure>\n","protected":false},"excerpt":{"rendered":"<p>El presidente Lic. H\u00e9ctor Javier Rodr\u00edguez L\u00f3pez en conjunto con el H. Consejo Directivo y socios de la C\u00e1mara de Comercio anunciaron en conferencia de prensa la 19a. Promoci\u00f3n Comercial 2024 Canaco Servytur Piedras Negras, en la que nuestros afiliados participan comprando boletos y distribuy\u00e9ndolos a criterio a sus clientes, con el objetivo de impulsar&#8230;<\/p>\n","protected":false},"author":1,"featured_media":1702,"comment_status":"open","ping_status":"open","sticky":false,"template":"","format":"standard","meta":{"_EventAllDay":false,"_EventTimezone":"","_EventStartDate":"","_EventEndDate":"","_EventStartDateUTC":"","_EventEndDateUTC":"","_EventShowMap":false,"_EventShowMapLink":false,"_EventURL":"","_EventCost":"","_EventCostDescription":"","_EventCurrencySymbol":"","_EventCurrencyCode":"","_EventCurrencyPosition":"","_EventDateTimeSeparator":"","_EventTimeRangeSeparator":"","_EventOrganizerID":[],"_EventVenueID":[],"_OrganizerEmail":"","_OrganizerPhone":"","_OrganizerWebsite":"","_VenueAddress":"","_VenueCity":"","_VenueCountry":"","_VenueProvince":"","_VenueState":"","_VenueZip":"","_VenuePhone":"","_VenueURL":"","_VenueStateProvince":"","_VenueLat":"","_VenueLng":"","_VenueShowMap":false,"_VenueShowMapLink":false,"_kadence_starter_templates_imported_post":false,"_kad_post_transparent":"","_kad_post_title":"","_kad_post_layout":"","_kad_post_sidebar_id":"","_kad_post_content_style":"","_kad_post_vertical_padding":"","_kad_post_feature":"","_kad_post_feature_position":"","_kad_post_header":false,"_kad_post_footer":false,"footnotes":""},"categories":[10],"tags":[],"class_list":["post-1701","post","type-post","status-publish","format-standard","has-post-thumbnail","hentry","category-conferencias"],"_links":{"self":[{"href":"http:\/\/canacoservyturpiedrasnegras.com\/index.php?rest_route=\/wp\/v2\/posts\/1701","targetHints":{"allow":["GET"]}}],"collection":[{"href":"http:\/\/canacoservyturpiedrasnegras.com\/index.php?rest_route=\/wp\/v2\/posts"}],"about":[{"href":"http:\/\/canacoservyturpiedrasnegras.com\/index.php?rest_route=\/wp\/v2\/types\/post"}],"author":[{"embeddable":true,"href":"http:\/\/canacoservyturpiedrasnegras.com\/index.php?rest_route=\/wp\/v2\/users\/1"}],"replies":[{"embeddable":true,"href":"http:\/\/canacoservyturpiedrasnegras.com\/index.php?rest_route=%2Fwp%2Fv2%2Fcomments&post=1701"}],"version-history":[{"count":1,"href":"http:\/\/canacoservyturpiedrasnegras.com\/index.php?rest_route=\/wp\/v2\/posts\/1701\/revisions"}],"predecessor-version":[{"id":1703,"href":"http:\/\/canacoservyturpiedrasnegras.com\/index.php?rest_route=\/wp\/v2\/posts\/1701\/revisions\/1703"}],"wp:featuredmedia":[{"embeddable":true,"href":"http:\/\/canacoservyturpiedrasnegras.com\/index.php?rest_route=\/wp\/v2\/media\/1702"}],"wp:attachment":[{"href":"http:\/\/canacoservyturpiedrasnegras.com\/index.php?rest_route=%2Fwp%2Fv2%2Fmedia&parent=1701"}],"wp:term":[{"taxonomy":"category","embeddable":true,"href":"http:\/\/canacoservyturpiedrasnegras.com\/index.php?rest_route=%2Fwp%2Fv2%2Fcategories&post=1701"},{"taxonomy":"post_tag","embeddable":true,"href":"http:\/\/canacoservyturpiedrasnegras.com\/index.php?rest_route=%2Fwp%2Fv2%2Ftags&post=1701"}],"curies":[{"name":"wp","href":"https:\/\/api.w.org\/{rel}","templated":true}]}}