{"id":1706,"date":"2024-11-05T16:23:42","date_gmt":"2024-11-05T16:23:42","guid":{"rendered":"http:\/\/canacoservyturpiedrasnegras.com\/?p=1706"},"modified":"2024-11-05T16:23:42","modified_gmt":"2024-11-05T16:23:42","slug":"conferencia-de-prensa-de-el-buen-fin-2024","status":"publish","type":"post","link":"http:\/\/canacoservyturpiedrasnegras.com\/?p=1706","title":{"rendered":"Conferencia de prensa de \u00abEl Buen Fin 2024\u00bb"},"content":{"rendered":"\n<p>El presidente Lic. H\u00e9ctor Javier Rodr\u00edguez L\u00f3pez en conjunto con el Director de Fomento Econ\u00f3mico Municipal Lic. Ren\u00e9 Ram\u00edrez Villarreal, el H. Consejo Directivo y socios de la C\u00e1mara de Comercio realizaron una conferencia de prensa en la cual se presentaron las bases para participar en el programa de \u00abEl Buen Fin 2024\u00bb, compartiendo la numeralia del a\u00f1o 2023, y cuales son las proyecciones para esta edici\u00f3n 2024.<\/p>\n\n\n\n<figure class=\"wp-block-gallery has-nested-images columns-default is-cropped wp-block-gallery-1 is-layout-flex wp-block-gallery-is-layout-flex\">\n<figure class=\"wp-block-image size-large\"><img loading=\"lazy\" decoding=\"async\" width=\"1024\" height=\"1024\" data-id=\"1707\" src=\"http:\/\/canacoservyturpiedrasnegras.com\/wp-content\/uploads\/2024\/11\/WhatsApp-Image-2024-11-05-at-10.02.05-AM-1024x1024.jpeg\" alt=\"\" class=\"wp-image-1707\" srcset=\"http:\/\/canacoservyturpiedrasnegras.com\/wp-content\/uploads\/2024\/11\/WhatsApp-Image-2024-11-05-at-10.02.05-AM-1024x1024.jpeg 1024w, http:\/\/canacoservyturpiedrasnegras.com\/wp-content\/uploads\/2024\/11\/WhatsApp-Image-2024-11-05-at-10.02.05-AM-300x300.jpeg 300w, http:\/\/canacoservyturpiedrasnegras.com\/wp-content\/uploads\/2024\/11\/WhatsApp-Image-2024-11-05-at-10.02.05-AM-150x150.jpeg 150w, http:\/\/canacoservyturpiedrasnegras.com\/wp-content\/uploads\/2024\/11\/WhatsApp-Image-2024-11-05-at-10.02.05-AM-768x768.jpeg 768w, http:\/\/canacoservyturpiedrasnegras.com\/wp-content\/uploads\/2024\/11\/WhatsApp-Image-2024-11-05-at-10.02.05-AM.jpeg 1280w\" sizes=\"auto, (max-width: 1024px) 100vw, 1024px\" \/><\/figure>\n\n\n\n<figure class=\"wp-block-image size-large\"><img loading=\"lazy\" decoding=\"async\" width=\"1024\" height=\"1024\" data-id=\"1708\" src=\"http:\/\/canacoservyturpiedrasnegras.com\/wp-content\/uploads\/2024\/11\/WhatsApp-Image-2024-11-05-at-10.02.04-AM-1-1024x1024.jpeg\" alt=\"\" class=\"wp-image-1708\" srcset=\"http:\/\/canacoservyturpiedrasnegras.com\/wp-content\/uploads\/2024\/11\/WhatsApp-Image-2024-11-05-at-10.02.04-AM-1-1024x1024.jpeg 1024w, http:\/\/canacoservyturpiedrasnegras.com\/wp-content\/uploads\/2024\/11\/WhatsApp-Image-2024-11-05-at-10.02.04-AM-1-300x300.jpeg 300w, http:\/\/canacoservyturpiedrasnegras.com\/wp-content\/uploads\/2024\/11\/WhatsApp-Image-2024-11-05-at-10.02.04-AM-1-150x150.jpeg 150w, http:\/\/canacoservyturpiedrasnegras.com\/wp-content\/uploads\/2024\/11\/WhatsApp-Image-2024-11-05-at-10.02.04-AM-1-768x768.jpeg 768w, http:\/\/canacoservyturpiedrasnegras.com\/wp-content\/uploads\/2024\/11\/WhatsApp-Image-2024-11-05-at-10.02.04-AM-1.jpeg 1280w\" sizes=\"auto, (max-width: 1024px) 100vw, 1024px\" \/><\/figure>\n\n\n\n<figure class=\"wp-block-image size-large\"><img loading=\"lazy\" decoding=\"async\" width=\"1024\" height=\"1024\" data-id=\"1709\" src=\"http:\/\/canacoservyturpiedrasnegras.com\/wp-content\/uploads\/2024\/11\/WhatsApp-Image-2024-11-05-at-10.02.04-AM-1024x1024.jpeg\" alt=\"\" class=\"wp-image-1709\" srcset=\"http:\/\/canacoservyturpiedrasnegras.com\/wp-content\/uploads\/2024\/11\/WhatsApp-Image-2024-11-05-at-10.02.04-AM-1024x1024.jpeg 1024w, http:\/\/canacoservyturpiedrasnegras.com\/wp-content\/uploads\/2024\/11\/WhatsApp-Image-2024-11-05-at-10.02.04-AM-300x300.jpeg 300w, http:\/\/canacoservyturpiedrasnegras.com\/wp-content\/uploads\/2024\/11\/WhatsApp-Image-2024-11-05-at-10.02.04-AM-150x150.jpeg 150w, http:\/\/canacoservyturpiedrasnegras.com\/wp-content\/uploads\/2024\/11\/WhatsApp-Image-2024-11-05-at-10.02.04-AM-768x768.jpeg 768w, http:\/\/canacoservyturpiedrasnegras.com\/wp-content\/uploads\/2024\/11\/WhatsApp-Image-2024-11-05-at-10.02.04-AM.jpeg 1280w\" sizes=\"auto, (max-width: 1024px) 100vw, 1024px\" \/><\/figure>\n<\/figure>\n","protected":false},"excerpt":{"rendered":"<p>El presidente Lic. H\u00e9ctor Javier Rodr\u00edguez L\u00f3pez en conjunto con el Director de Fomento Econ\u00f3mico Municipal Lic. Ren\u00e9 Ram\u00edrez Villarreal, el H. Consejo Directivo y socios de la C\u00e1mara de Comercio realizaron una conferencia de prensa en la cual se presentaron las bases para participar en el programa de \u00abEl Buen Fin 2024\u00bb, compartiendo la&#8230;<\/p>\n","protected":false},"author":1,"featured_media":1707,"comment_status":"open","ping_status":"open","sticky":false,"template":"","format":"standard","meta":{"_EventAllDay":false,"_EventTimezone":"","_EventStartDate":"","_EventEndDate":"","_EventStartDateUTC":"","_EventEndDateUTC":"","_EventShowMap":false,"_EventShowMapLink":false,"_EventURL":"","_EventCost":"","_EventCostDescription":"","_EventCurrencySymbol":"","_EventCurrencyCode":"","_EventCurrencyPosition":"","_EventDateTimeSeparator":"","_EventTimeRangeSeparator":"","_EventOrganizerID":[],"_EventVenueID":[],"_OrganizerEmail":"","_OrganizerPhone":"","_OrganizerWebsite":"","_VenueAddress":"","_VenueCity":"","_VenueCountry":"","_VenueProvince":"","_VenueState":"","_VenueZip":"","_VenuePhone":"","_VenueURL":"","_VenueStateProvince":"","_VenueLat":"","_VenueLng":"","_VenueShowMap":false,"_VenueShowMapLink":false,"_kadence_starter_templates_imported_post":false,"_kad_post_transparent":"","_kad_post_title":"","_kad_post_layout":"","_kad_post_sidebar_id":"","_kad_post_content_style":"","_kad_post_vertical_padding":"","_kad_post_feature":"","_kad_post_feature_position":"","_kad_post_header":false,"_kad_post_footer":false,"footnotes":""},"categories":[10],"tags":[],"class_list":["post-1706","post","type-post","status-publish","format-standard","has-post-thumbnail","hentry","category-conferencias"],"_links":{"self":[{"href":"http:\/\/canacoservyturpiedrasnegras.com\/index.php?rest_route=\/wp\/v2\/posts\/1706","targetHints":{"allow":["GET"]}}],"collection":[{"href":"http:\/\/canacoservyturpiedrasnegras.com\/index.php?rest_route=\/wp\/v2\/posts"}],"about":[{"href":"http:\/\/canacoservyturpiedrasnegras.com\/index.php?rest_route=\/wp\/v2\/types\/post"}],"author":[{"embeddable":true,"href":"http:\/\/canacoservyturpiedrasnegras.com\/index.php?rest_route=\/wp\/v2\/users\/1"}],"replies":[{"embeddable":true,"href":"http:\/\/canacoservyturpiedrasnegras.com\/index.php?rest_route=%2Fwp%2Fv2%2Fcomments&post=1706"}],"version-history":[{"count":1,"href":"http:\/\/canacoservyturpiedrasnegras.com\/index.php?rest_route=\/wp\/v2\/posts\/1706\/revisions"}],"predecessor-version":[{"id":1710,"href":"http:\/\/canacoservyturpiedrasnegras.com\/index.php?rest_route=\/wp\/v2\/posts\/1706\/revisions\/1710"}],"wp:featuredmedia":[{"embeddable":true,"href":"http:\/\/canacoservyturpiedrasnegras.com\/index.php?rest_route=\/wp\/v2\/media\/1707"}],"wp:attachment":[{"href":"http:\/\/canacoservyturpiedrasnegras.com\/index.php?rest_route=%2Fwp%2Fv2%2Fmedia&parent=1706"}],"wp:term":[{"taxonomy":"category","embeddable":true,"href":"http:\/\/canacoservyturpiedrasnegras.com\/index.php?rest_route=%2Fwp%2Fv2%2Fcategories&post=1706"},{"taxonomy":"post_tag","embeddable":true,"href":"http:\/\/canacoservyturpiedrasnegras.com\/index.php?rest_route=%2Fwp%2Fv2%2Ftags&post=1706"}],"curies":[{"name":"wp","href":"https:\/\/api.w.org\/{rel}","templated":true}]}}